{"id":81305,"date":"2024-06-04T19:57:57","date_gmt":"2024-06-04T19:57:57","guid":{"rendered":"https:\/\/rdnews.al\/?p=81305"},"modified":"2024-06-04T20:00:41","modified_gmt":"2024-06-04T20:00:41","slug":"lubonja-rama-nuk-dha-asnje-argument-qe-te-na-provoje-qe-ato-qe-thuhen-ne-rai3-jane-genjeshtra","status":"publish","type":"post","link":"https:\/\/rdnews.al\/index.php\/2024\/06\/04\/lubonja-rama-nuk-dha-asnje-argument-qe-te-na-provoje-qe-ato-qe-thuhen-ne-rai3-jane-genjeshtra\/","title":{"rendered":"Lubonja: Rama nuk dha asnj\u00eb argument q\u00eb t\u00eb na provoj\u00eb se ato q\u00eb thuhen n\u00eb RAI3 jan\u00eb g\u00ebnjeshtra"},"content":{"rendered":"<p>N\u00eb emisionin Open n\u00eb News24 mbr\u00ebmjen e sotme \u00ebsht\u00eb diskutuar me nj\u00eb panel t\u00eb ftuarish lidhur me dokumentarin mbi Shqip\u00ebrin\u00eb t\u00eb publikuar nga RAI3.<\/p>\n<p>Kryeministri Edi Rama e ka cil\u00ebsuar dokumentarin si nj\u00eb pseudo-investigim, duke e cil\u00ebsuar si nj\u00eb sulm mbi emrin dhe flamurin e shqiptar\u00ebve.<\/p>\n<p>Analisti Fatos Lubonja n\u00eb nj\u00eb lidhje Skype tha se, fjalimi i Edi Ram\u00ebs ka nj\u00eb problem shum\u00eb t\u00eb madh, pasi ai identifikohet si lideri me t\u00eb cilin identifikohen t\u00eb gjith\u00eb shqiptar\u00ebt.<\/p>\n<p>Lubonja tha se problemi m\u00eb i madh q\u00eb ngrinte Edi Rama ishte kur shahej Shqip\u00ebria n\u00eb gjuh\u00eb t\u00eb huaj, por tani ai p\u00ebrdor t\u00eb nj\u00ebjt\u00ebn logjik\u00eb, t\u00eb nj\u00ebjt\u00ebn metod\u00eb.<\/p>\n<p>\u201cNj\u00eb nga diaspora, i cili ka qen\u00eb prezent n\u00eb nj\u00eb nga k\u00ebto takimet e Kryeministrit, m\u00eb \u00e7oi nj\u00eb artikull t\u00eb mediave italiane, q\u00eb Edi Rama do i jepte ujin e Syrit t\u00eb Kalt\u00ebr Italis\u00eb, nd\u00ebrkoh\u00eb q\u00eb ne nuk kemi uj\u00eb n\u00eb Shqip\u00ebri. Ja pra ky \u00ebsht\u00eb ai patrioti.<\/p>\n<p>P\u00ebrdori nj\u00eb gjuh\u00eb lin\u00e7imi, nj\u00eb gjuh\u00eb urrejtjeje, dhune. Nj\u00eb nga retorikat p\u00ebr t\u00eb ngjallur urrejtje ndaj atyre q\u00eb thon\u00eb ca t\u00eb v\u00ebrteta, \u00ebsht\u00eb pik\u00ebrisht kjo gjuha, q\u00eb Kryeministri i cil\u00ebson si njer\u00ebz pa atdhe, pa din e iman\u201d, tha Lubonja.<\/p>\n<p>Sipas tij, Rama nuk dha asnj\u00eb argument q\u00eb t\u00eb na provoj\u00eb q\u00eb ato q\u00eb thuhen n\u00eb reportazhin italian, jan\u00eb g\u00ebnjeshtra.<\/p>\n<p>\u201cK\u00ebrc\u00ebnimin ndaj liris\u00eb s\u00eb shtypit po e b\u00ebn ai q\u00eb e ka provuar. Un\u00eb kam b\u00ebr\u00eb artikullin n\u00eb mbrojtje t\u00eb Ram\u00ebs kur e dhunuan\u201d, tha Lubonja.<\/p>\n","protected":false},"excerpt":{"rendered":"<p>N\u00eb emisionin Open n\u00eb News24 mbr\u00ebmjen e sotme \u00ebsht\u00eb diskutuar me nj\u00eb panel t\u00eb ftuarish lidhur me dokumentarin mbi Shqip\u00ebrin\u00eb t\u00eb publikuar nga RAI3. Kryeministri Edi Rama e ka cil\u00ebsuar dokumentarin si nj\u00eb pseudo-investigim, duke e cil\u00ebsuar si nj\u00eb sulm mbi emrin dhe flamurin e shqiptar\u00ebve. Analisti Fatos Lubonja n\u00eb nj\u00eb lidhje Skype tha se, &hellip;<\/p>\n","protected":false},"author":4,"featured_media":77417,"comment_status":"closed","ping_status":"closed","sticky":false,"template":"","format":"standard","meta":{"footnotes":""},"categories":[37],"tags":[],"class_list":["post-81305","post","type-post","status-publish","format-standard","has-post-thumbnail","","category-politike"],"_links":{"self":[{"href":"https:\/\/rdnews.al\/index.php\/wp-json\/wp\/v2\/posts\/81305","targetHints":{"allow":["GET"]}}],"collection":[{"href":"https:\/\/rdnews.al\/index.php\/wp-json\/wp\/v2\/posts"}],"about":[{"href":"https:\/\/rdnews.al\/index.php\/wp-json\/wp\/v2\/types\/post"}],"author":[{"embeddable":true,"href":"https:\/\/rdnews.al\/index.php\/wp-json\/wp\/v2\/users\/4"}],"replies":[{"embeddable":true,"href":"https:\/\/rdnews.al\/index.php\/wp-json\/wp\/v2\/comments?post=81305"}],"version-history":[{"count":0,"href":"https:\/\/rdnews.al\/index.php\/wp-json\/wp\/v2\/posts\/81305\/revisions"}],"wp:featuredmedia":[{"embeddable":true,"href":"https:\/\/rdnews.al\/index.php\/wp-json\/wp\/v2\/media\/77417"}],"wp:attachment":[{"href":"https:\/\/rdnews.al\/index.php\/wp-json\/wp\/v2\/media?parent=81305"}],"wp:term":[{"taxonomy":"category","embeddable":true,"href":"https:\/\/rdnews.al\/index.php\/wp-json\/wp\/v2\/categories?post=81305"},{"taxonomy":"post_tag","embeddable":true,"href":"https:\/\/rdnews.al\/index.php\/wp-json\/wp\/v2\/tags?post=81305"}],"curies":[{"name":"wp","href":"https:\/\/api.w.org\/{rel}","templated":true}]}}