{"id":81395,"date":"2024-06-05T18:38:19","date_gmt":"2024-06-05T18:38:19","guid":{"rendered":"https:\/\/rdnews.al\/?p=81395"},"modified":"2024-06-05T18:38:19","modified_gmt":"2024-06-05T18:38:19","slug":"berisha-monstrat-qeveritare-duan-te-shkaterrojne-familjen","status":"publish","type":"post","link":"https:\/\/rdnews.al\/index.php\/2024\/06\/05\/berisha-monstrat-qeveritare-duan-te-shkaterrojne-familjen\/","title":{"rendered":"Berisha: Monstrat qeveritare duan t\u00eb shkat\u00ebrrojn\u00eb familjen!"},"content":{"rendered":"<p>Kryetari i PD, Sali Berisha u ndal edhe te nismat qeveritare q\u00eb duan t\u00eb shkat\u00ebrrojn\u00eb familjen shqiptare. Berisha tha se, monstrat qeveritare duan t\u00eb shkat\u00ebrrojn\u00eb familjen! B\u00ebrthama e gjith\u00eb problemeve sociale \u00ebsht\u00eb varf\u00ebria.<\/p>\n<p>\u201cMonstrat e maskuara si qeveri duan t\u00eb shkat\u00ebrrojn\u00eb familjen. A e dini ju se n\u00eb k\u00ebt\u00eb moment, n\u00eb parlament kan\u00eb sjell\u00eb ligjin e surrogacis\u00eb? Apo th\u00ebn\u00eb ndryshe ligjin e tregtis\u00eb s\u00eb foshnjave.<\/p>\n<p>K\u00ebta monstra, n\u00ebn\u00ebn e shenjt\u00eb shqiptare duan ta shnd\u00ebrrojn\u00eb n\u00eb fabrik\u00eb prodhimi.<\/p>\n<p>K\u00ebta monstra, f\u00ebmij\u00ebt e shenjt\u00eb shqiptar\u00eb, duan t\u2019i shnd\u00ebrrojn\u00eb n\u00eb produkt p\u00ebr t\u2019u shitur.<\/p>\n<p>K\u00ebta mostra, familjen e shenjt\u00eb shqiptare duan ta shnd\u00ebrrojn\u00eb n\u00eb num\u00ebr, ku nuk ka m\u00eb n\u00ebn\u00eb as baba, por ka prind 1 dhe prind 2.<\/p>\n<p>Nuk jan\u00eb vet\u00ebm familjet demokrate q\u00eb rrezikohen k\u00ebtu t\u00eb dashur shqiptar\u00eb. Jan\u00eb familjet socialiste. Jan\u00eb familjet pa parti. Jan\u00eb familjet e veriut. Familjet e Shqip\u00ebris\u00eb s\u00eb mesme. Familjet e jugut.<\/p>\n<p>\u00c7do familje shqiptare sot \u00ebsht\u00eb n\u00eb rrezik ekzistencial.<\/p>\n<p>Shoq\u00ebria shqiptare nuk ka qen\u00eb kurr\u00eb m\u00eb e thyer se dit\u00ebt e sotme. Epidemi vet\u00ebvrasjesh dhe tentativa p\u00ebr vet\u00ebvrasje. Krime n\u00eb familje. Sherre t\u00eb p\u00ebrditshme p\u00ebr motive banale.<\/p>\n<p>B\u00ebrthama e gjith\u00eb k\u00ebtyre problemeve sociale \u00ebsht\u00eb varf\u00ebria.<\/p>\n<p>Sepse Edi Rama i ka b\u00ebr\u00eb shqiptar\u00ebt t\u00eb paguajn\u00eb \u00e7mimet m\u00eb t\u00eb shtrenjta n\u00eb Europ\u00eb dhe t\u00eb marrin si shp\u00ebrblim pagat m\u00eb t\u00eb ul\u00ebta.<\/p>\n<p>Qirat\u00eb jan\u00eb b\u00ebr\u00eb t\u00eb pap\u00ebrballueshme. Ushqimet bazike t\u00eb ngjajn\u00eb trashm\u00eb me nj\u00eb luks p\u00ebr nga \u00e7mimet.<\/p>\n<p>Taksat u marrin frym\u00ebn bizneseve dhe qytetra\u00ebve.<\/p>\n<p>Si mundet shqiptari, n\u00eb k\u00ebt\u00eb tok\u00eb q\u00eb Zoti e bekoj\u00eb me begati, t\u00eb katandiset n\u00eb k\u00ebto kushte varf\u00ebrie?<\/p>\n<p>Kjo sepse pasurit\u00eb e Shqip\u00ebris\u00eb jan\u00eb mallkim p\u00ebr shqiptar\u00ebt, por jan\u00eb parajs\u00eb p\u00ebr Edi Ram\u00ebn, Olsi Ram\u00ebn, Olta Xha\u00e7k\u00ebn, p\u00ebr burrin e saj, ministrat, bashkiak\u00ebt dhe serin\u00eb e tyre t\u00eb hajdut\u00ebve t\u00eb papar\u00eb m\u00eb par\u00eb.<\/p>\n<p>Kjo sepse taksat e shqiptar\u00ebve jan\u00eb mallkim p\u00ebr qytetar\u00ebt, por jan\u00eb parajs\u00eb p\u00ebr Erion Veliajn dhe hotelet q\u00eb nd\u00ebrton me to.<\/p>\n<p>Kjo sepse tokat e Shqip\u00ebris\u00eb jan\u00eb mallkim p\u00ebr fermer\u00ebt, por jan\u00eb parajs\u00eb p\u00ebr narkotrafikant\u00ebt e Edi Ram\u00ebs.<\/p>\n<p>Kjo sepse shteti i Shqip\u00ebris\u00eb ka 11 vite q\u00eb \u00ebsht\u00eb shnd\u00ebrruar n\u00eb narkoshtetin e par\u00eb dhe t\u00eb vet\u00ebm t\u00eb Europ\u00ebs\u201d, tha Berisha.<\/p>\n","protected":false},"excerpt":{"rendered":"<p>Kryetari i PD, Sali Berisha u ndal edhe te nismat qeveritare q\u00eb duan t\u00eb shkat\u00ebrrojn\u00eb familjen shqiptare. Berisha tha se, monstrat qeveritare duan t\u00eb shkat\u00ebrrojn\u00eb familjen! B\u00ebrthama e gjith\u00eb problemeve sociale \u00ebsht\u00eb varf\u00ebria. \u201cMonstrat e maskuara si qeveri duan t\u00eb shkat\u00ebrrojn\u00eb familjen. A e dini ju se n\u00eb k\u00ebt\u00eb moment, n\u00eb parlament kan\u00eb sjell\u00eb ligjin &hellip;<\/p>\n","protected":false},"author":4,"featured_media":77443,"comment_status":"closed","ping_status":"closed","sticky":false,"template":"","format":"standard","meta":{"footnotes":""},"categories":[37],"tags":[],"class_list":["post-81395","post","type-post","status-publish","format-standard","has-post-thumbnail","","category-politike"],"_links":{"self":[{"href":"https:\/\/rdnews.al\/index.php\/wp-json\/wp\/v2\/posts\/81395","targetHints":{"allow":["GET"]}}],"collection":[{"href":"https:\/\/rdnews.al\/index.php\/wp-json\/wp\/v2\/posts"}],"about":[{"href":"https:\/\/rdnews.al\/index.php\/wp-json\/wp\/v2\/types\/post"}],"author":[{"embeddable":true,"href":"https:\/\/rdnews.al\/index.php\/wp-json\/wp\/v2\/users\/4"}],"replies":[{"embeddable":true,"href":"https:\/\/rdnews.al\/index.php\/wp-json\/wp\/v2\/comments?post=81395"}],"version-history":[{"count":0,"href":"https:\/\/rdnews.al\/index.php\/wp-json\/wp\/v2\/posts\/81395\/revisions"}],"wp:featuredmedia":[{"embeddable":true,"href":"https:\/\/rdnews.al\/index.php\/wp-json\/wp\/v2\/media\/77443"}],"wp:attachment":[{"href":"https:\/\/rdnews.al\/index.php\/wp-json\/wp\/v2\/media?parent=81395"}],"wp:term":[{"taxonomy":"category","embeddable":true,"href":"https:\/\/rdnews.al\/index.php\/wp-json\/wp\/v2\/categories?post=81395"},{"taxonomy":"post_tag","embeddable":true,"href":"https:\/\/rdnews.al\/index.php\/wp-json\/wp\/v2\/tags?post=81395"}],"curies":[{"name":"wp","href":"https:\/\/api.w.org\/{rel}","templated":true}]}}