{"id":81575,"date":"2024-06-07T08:38:04","date_gmt":"2024-06-07T08:38:04","guid":{"rendered":"https:\/\/rdnews.al\/?p=81575"},"modified":"2024-06-07T08:38:04","modified_gmt":"2024-06-07T08:38:04","slug":"u-shoqerua-ne-polici-balliu-skemi-bere-ndonje-krim-protestat-nuk-do-te-ndalen","status":"publish","type":"post","link":"https:\/\/rdnews.al\/index.php\/2024\/06\/07\/u-shoqerua-ne-polici-balliu-skemi-bere-ndonje-krim-protestat-nuk-do-te-ndalen\/","title":{"rendered":"U shoq\u00ebrua n\u00eb polici, Balliu: S\u2019kemi b\u00ebr\u00eb ndonj\u00eb krim, protestat nuk do t\u00eb ndalen!"},"content":{"rendered":"<p>Shefi i Organizimit n\u00eb PD, Klevis Balliu ishte mes 10 protestuesve t\u00eb shoq\u00ebruar dit\u00ebn e sotme nga Policia e Tiran\u00ebs pas tensioneve t\u00eb krijuara para Kuvendit.<\/p>\n<p>Pas dh\u00ebnies s\u00eb deklarat\u00ebs n\u00eb ambientet e policis\u00eb sot, Balliu \u00ebsht\u00eb shprehur p\u00ebr mediat se protestuesit e shoq\u00ebruar nuk kan\u00eb b\u00ebr\u00eb ndonj\u00eb krim dhe do t\u00eb paraqiten sa her\u00eb t\u00eb thirren p\u00ebr k\u00ebt\u00eb arsye.<\/p>\n<p>Ai shtoi se n\u00ebse policia nuk i gjen protestuesit, ata do t\u00eb jen\u00eb te bashkia ose te Parlamenti pasi protestat sipas tij nuk do t\u00eb ndalen.<\/p>\n<p>\u201cErdh\u00ebm, paraqitemi me k\u00ebnaq\u00ebsi se nuk kemi b\u00ebr\u00eb ndonj\u00eb krim. M\u00eb b\u00ebn p\u00ebrshtypje sa shpejt dalin informacionet p\u00ebr t\u00eb kapur protestuesit, Po t\u00eb dilnin p\u00ebr Fush\u00eb Kruj\u00ebn, Elbasanin s\u2019do kishim k\u00ebt\u00eb situat\u00eb t\u00eb agravuar krimnale. Sikur t\u00eb vepronin aq shpejt me Veliajn, Olsi Ram\u00ebn, Edi Ram\u00ebn, Xha\u00e7k\u00ebn, etj, t\u00eb cil\u00ebt jan\u00eb p\u00ebrgjegj\u00ebs p\u00ebr vjedhjet makabre q\u00eb u b\u00ebhen qytetar\u00ebve dhe p\u00ebr shkak t\u00eb t\u00eb cilave jemi popull9i me taksat m\u00eb t\u00eb larta, rrogat m\u00eb t\u00eb ul\u00ebta dhe pensionet m\u00eb qesharake.<\/p>\n<p>Kam nj\u00eb thirrje p\u00ebr policin\u00eb, sa her\u00eb t\u00eb doni k\u00ebtu do vijm\u00eb, po nuk na gjet\u00ebt, do na gjeni te bashkia ose parlamenti se protestat nuk i ndalim. Garantoj \u00e7do efektiv se aty nuk mblidhen kriminel\u00eb, por t\u00eb rinj e t\u00eb reja. Kriminel\u00ebt fatkeq\u00ebsisht jan\u00eb brenda sallave dhe jo jasht\u00eb sallave\u201d,\u00a0u shpreh Balliu.<\/p>\n","protected":false},"excerpt":{"rendered":"<p>Shefi i Organizimit n\u00eb PD, Klevis Balliu ishte mes 10 protestuesve t\u00eb shoq\u00ebruar dit\u00ebn e sotme nga Policia e Tiran\u00ebs pas tensioneve t\u00eb krijuara para Kuvendit. Pas dh\u00ebnies s\u00eb deklarat\u00ebs n\u00eb ambientet e policis\u00eb sot, Balliu \u00ebsht\u00eb shprehur p\u00ebr mediat se protestuesit e shoq\u00ebruar nuk kan\u00eb b\u00ebr\u00eb ndonj\u00eb krim dhe do t\u00eb paraqiten sa her\u00eb &hellip;<\/p>\n","protected":false},"author":4,"featured_media":81576,"comment_status":"closed","ping_status":"closed","sticky":false,"template":"","format":"standard","meta":{"footnotes":""},"categories":[37],"tags":[],"class_list":["post-81575","post","type-post","status-publish","format-standard","has-post-thumbnail","","category-politike"],"_links":{"self":[{"href":"https:\/\/rdnews.al\/index.php\/wp-json\/wp\/v2\/posts\/81575","targetHints":{"allow":["GET"]}}],"collection":[{"href":"https:\/\/rdnews.al\/index.php\/wp-json\/wp\/v2\/posts"}],"about":[{"href":"https:\/\/rdnews.al\/index.php\/wp-json\/wp\/v2\/types\/post"}],"author":[{"embeddable":true,"href":"https:\/\/rdnews.al\/index.php\/wp-json\/wp\/v2\/users\/4"}],"replies":[{"embeddable":true,"href":"https:\/\/rdnews.al\/index.php\/wp-json\/wp\/v2\/comments?post=81575"}],"version-history":[{"count":0,"href":"https:\/\/rdnews.al\/index.php\/wp-json\/wp\/v2\/posts\/81575\/revisions"}],"wp:featuredmedia":[{"embeddable":true,"href":"https:\/\/rdnews.al\/index.php\/wp-json\/wp\/v2\/media\/81576"}],"wp:attachment":[{"href":"https:\/\/rdnews.al\/index.php\/wp-json\/wp\/v2\/media?parent=81575"}],"wp:term":[{"taxonomy":"category","embeddable":true,"href":"https:\/\/rdnews.al\/index.php\/wp-json\/wp\/v2\/categories?post=81575"},{"taxonomy":"post_tag","embeddable":true,"href":"https:\/\/rdnews.al\/index.php\/wp-json\/wp\/v2\/tags?post=81575"}],"curies":[{"name":"wp","href":"https:\/\/api.w.org\/{rel}","templated":true}]}}