{"id":81581,"date":"2024-06-07T09:19:26","date_gmt":"2024-06-07T09:19:26","guid":{"rendered":"https:\/\/rdnews.al\/?p=81581"},"modified":"2024-06-07T09:19:26","modified_gmt":"2024-06-07T09:19:26","slug":"berisha-nxjerr-foton-padrinoja-dhe-narkot-e-tij","status":"publish","type":"post","link":"https:\/\/rdnews.al\/index.php\/2024\/06\/07\/berisha-nxjerr-foton-padrinoja-dhe-narkot-e-tij\/","title":{"rendered":"Berisha nxjerr foton: Padrinoja dhe narkot e tij!"},"content":{"rendered":"<p>Kryetari i PD, Sali Berisha publikoi nj\u00eb foto t\u00eb kryeministrit Edi Rama me socialist\u00ebt Damian Gjiknuri dhe Ulsi Manja.<\/p>\n<p>\u201cPadrino dhe narkot e tij!\u201d, shkruan Berisha.<\/p>\n<p>Kryetari i PD ka denoncuar i pari krijimin n\u00eb Shqip\u00ebri t\u00eb t\u00eb parit narkoshtet n\u00eb Europ\u00eb.<\/p>\n<p>Por tani gjithmon\u00eb e m\u00eb shum\u00eb jan\u00eb mediat nd\u00ebrkomb\u00ebtare q\u00eb po theksojn\u00eb se Shqip\u00ebria \u00ebsht\u00eb narkoshtet. Opozita thot\u00eb se kreu i k\u00ebtij narkoshteti \u00ebsht\u00eb Edi Rama.<\/p>\n","protected":false},"excerpt":{"rendered":"<p>Kryetari i PD, Sali Berisha publikoi nj\u00eb foto t\u00eb kryeministrit Edi Rama me socialist\u00ebt Damian Gjiknuri dhe Ulsi Manja. \u201cPadrino dhe narkot e tij!\u201d, shkruan Berisha. Kryetari i PD ka denoncuar i pari krijimin n\u00eb Shqip\u00ebri t\u00eb t\u00eb parit narkoshtet n\u00eb Europ\u00eb. Por tani gjithmon\u00eb e m\u00eb shum\u00eb jan\u00eb mediat nd\u00ebrkomb\u00ebtare q\u00eb po theksojn\u00eb se &hellip;<\/p>\n","protected":false},"author":4,"featured_media":52310,"comment_status":"closed","ping_status":"closed","sticky":false,"template":"","format":"standard","meta":{"footnotes":""},"categories":[37],"tags":[],"class_list":["post-81581","post","type-post","status-publish","format-standard","has-post-thumbnail","","category-politike"],"_links":{"self":[{"href":"https:\/\/rdnews.al\/index.php\/wp-json\/wp\/v2\/posts\/81581","targetHints":{"allow":["GET"]}}],"collection":[{"href":"https:\/\/rdnews.al\/index.php\/wp-json\/wp\/v2\/posts"}],"about":[{"href":"https:\/\/rdnews.al\/index.php\/wp-json\/wp\/v2\/types\/post"}],"author":[{"embeddable":true,"href":"https:\/\/rdnews.al\/index.php\/wp-json\/wp\/v2\/users\/4"}],"replies":[{"embeddable":true,"href":"https:\/\/rdnews.al\/index.php\/wp-json\/wp\/v2\/comments?post=81581"}],"version-history":[{"count":0,"href":"https:\/\/rdnews.al\/index.php\/wp-json\/wp\/v2\/posts\/81581\/revisions"}],"wp:featuredmedia":[{"embeddable":true,"href":"https:\/\/rdnews.al\/index.php\/wp-json\/wp\/v2\/media\/52310"}],"wp:attachment":[{"href":"https:\/\/rdnews.al\/index.php\/wp-json\/wp\/v2\/media?parent=81581"}],"wp:term":[{"taxonomy":"category","embeddable":true,"href":"https:\/\/rdnews.al\/index.php\/wp-json\/wp\/v2\/categories?post=81581"},{"taxonomy":"post_tag","embeddable":true,"href":"https:\/\/rdnews.al\/index.php\/wp-json\/wp\/v2\/tags?post=81581"}],"curies":[{"name":"wp","href":"https:\/\/api.w.org\/{rel}","templated":true}]}}