{"id":81593,"date":"2024-06-07T10:57:41","date_gmt":"2024-06-07T10:57:41","guid":{"rendered":"https:\/\/rdnews.al\/?p=81593"},"modified":"2024-06-07T10:57:41","modified_gmt":"2024-06-07T10:57:41","slug":"toni-kroos-ja-perse-vendosa-te-terhiqem","status":"publish","type":"post","link":"https:\/\/rdnews.al\/index.php\/2024\/06\/07\/toni-kroos-ja-perse-vendosa-te-terhiqem\/","title":{"rendered":"Toni Kroos: Ja p\u00ebrse vendosa t\u00eb t\u00ebrhiqem"},"content":{"rendered":"<p>Toni Kross do t\u00eb mbetet shum\u00eb gjat\u00eb n\u00eb memorien e sportdash\u00ebsve, p\u00ebr t\u00eb gjith\u00eb kualitetin e tij dhe karrier\u00ebn brilante, s\u00eb cil\u00ebs do t\u2019i vij\u00eb fundi menj\u00ebher\u00eb pas p\u00ebrfundimit t\u00eb Euro 2024.<br \/>\nMesfushori gjerman, ka treguar p\u00ebr t\u00eb p\u00ebrditshmen gjermane \u201cKicker\u201d edhe mbi arsyet q\u00eb e shtyn\u00eb \u201ct\u00eb varte k\u00ebpuc\u00ebt n\u00eb gozhd\u00eb\u201d.<\/p>\n<p>\u201cJam i vet\u00ebdijsh\u00ebm p\u00ebr vendimin q\u00eb kam marr\u00eb. Nuk m\u00eb alarmon kjo gj\u00eb. Dua t\u00eb jap m\u00eb t\u00eb mir\u00ebn time n\u00eb k\u00ebto ndeshje t\u00eb fundit me Gjermanin\u00ebs, si\u00e7 b\u00ebra edhe me Real Madrid, duke shpresuar t\u00eb kemi t\u00eb nj\u00ebjtin sukses edhe n\u00eb k\u00ebt\u00eb kompeticion\u201d, thekson Kroos.<\/p>\n<p>I pyetur nga gazetar\u00ebt se cilat jan\u00eb arsyet e v\u00ebrteta t\u00eb t\u00ebrheqjes nga bota e futbollit, Kroos u p\u00ebrgjigj:<\/p>\n<p>\u201cSepse dua t\u00eb kujtohem si Toni Kroos, i cili p\u00ebrfundoi karrier\u00ebn e tij, duke zhvilluar sezonin e fundit me sukses. Ia dola. E konsideroj si kompliment, faktin q\u00eb shum\u00eb njer\u00ebz shprehin keqardhjen p\u00ebr largimin tim, duke th\u00ebn\u00eb se ky moment ka ardhur shum\u00eb shpejt\u00eb, p\u00ebrfundoi deklarat\u00ebn e tij mesfushori gjerman.<\/p>\n","protected":false},"excerpt":{"rendered":"<p>Toni Kross do t\u00eb mbetet shum\u00eb gjat\u00eb n\u00eb memorien e sportdash\u00ebsve, p\u00ebr t\u00eb gjith\u00eb kualitetin e tij dhe karrier\u00ebn brilante, s\u00eb cil\u00ebs do t\u2019i vij\u00eb fundi menj\u00ebher\u00eb pas p\u00ebrfundimit t\u00eb Euro 2024. Mesfushori gjerman, ka treguar p\u00ebr t\u00eb p\u00ebrditshmen gjermane \u201cKicker\u201d edhe mbi arsyet q\u00eb e shtyn\u00eb \u201ct\u00eb varte k\u00ebpuc\u00ebt n\u00eb gozhd\u00eb\u201d. \u201cJam i vet\u00ebdijsh\u00ebm &hellip;<\/p>\n","protected":false},"author":4,"featured_media":81594,"comment_status":"closed","ping_status":"closed","sticky":false,"template":"","format":"standard","meta":{"footnotes":""},"categories":[39],"tags":[],"class_list":["post-81593","post","type-post","status-publish","format-standard","has-post-thumbnail","","category-sport"],"_links":{"self":[{"href":"https:\/\/rdnews.al\/index.php\/wp-json\/wp\/v2\/posts\/81593","targetHints":{"allow":["GET"]}}],"collection":[{"href":"https:\/\/rdnews.al\/index.php\/wp-json\/wp\/v2\/posts"}],"about":[{"href":"https:\/\/rdnews.al\/index.php\/wp-json\/wp\/v2\/types\/post"}],"author":[{"embeddable":true,"href":"https:\/\/rdnews.al\/index.php\/wp-json\/wp\/v2\/users\/4"}],"replies":[{"embeddable":true,"href":"https:\/\/rdnews.al\/index.php\/wp-json\/wp\/v2\/comments?post=81593"}],"version-history":[{"count":0,"href":"https:\/\/rdnews.al\/index.php\/wp-json\/wp\/v2\/posts\/81593\/revisions"}],"wp:featuredmedia":[{"embeddable":true,"href":"https:\/\/rdnews.al\/index.php\/wp-json\/wp\/v2\/media\/81594"}],"wp:attachment":[{"href":"https:\/\/rdnews.al\/index.php\/wp-json\/wp\/v2\/media?parent=81593"}],"wp:term":[{"taxonomy":"category","embeddable":true,"href":"https:\/\/rdnews.al\/index.php\/wp-json\/wp\/v2\/categories?post=81593"},{"taxonomy":"post_tag","embeddable":true,"href":"https:\/\/rdnews.al\/index.php\/wp-json\/wp\/v2\/tags?post=81593"}],"curies":[{"name":"wp","href":"https:\/\/api.w.org\/{rel}","templated":true}]}}