{"id":81596,"date":"2024-06-07T11:07:34","date_gmt":"2024-06-07T11:07:34","guid":{"rendered":"https:\/\/rdnews.al\/?p=81596"},"modified":"2024-06-07T11:07:34","modified_gmt":"2024-06-07T11:07:34","slug":"eno-bozdo-shqiperia-e-edi-rames-vendi-me-pensionin-me-te-ulet-ne-europe","status":"publish","type":"post","link":"https:\/\/rdnews.al\/index.php\/2024\/06\/07\/eno-bozdo-shqiperia-e-edi-rames-vendi-me-pensionin-me-te-ulet-ne-europe\/","title":{"rendered":"Eno Bozdo: Shqip\u00ebria e Edi Ram\u00ebs vendi me pensionin m\u00eb t\u00eb ul\u00ebt n\u00eb Europ\u00eb!"},"content":{"rendered":"<p><strong>DEKLARATA E ANETARIT TE KRYESISE SE PD, ENO BOZDO:<\/strong><\/p>\n<p>Shqip\u00ebria thyen edhe nj\u00eb rekord tjet\u00ebr t\u00eb zi, n\u00ebn kujdesin e kuratorit t\u00eb t\u00eb gjitha t\u00eb zezave, Edi Ram\u00ebs. Pensioni mesatar n\u00eb Shqip\u00ebri \u00ebsht\u00eb m\u00eb i ulti n\u00eb Evrop\u00eb. Sipas Eurostat, pensioni mesatar n\u00eb Shqip\u00ebri \u00ebsht\u00eb 131 euro n\u00eb muaj, duke i renditur gjysh\u00ebrit, n\u00ebnat dhe et\u00ebrit tan\u00eb n\u00eb list\u00ebn e mjerimit europian. Bullgaria, n\u00eb vendin e parafundit, ka nj\u00eb pension mesatar 226 euro n\u00eb muaj, apo 58% m\u00eb t\u00eb lart\u00eb se Shqip\u00ebria. Mesatarja e vendeve t\u00eb BE \u00ebsht\u00eb 1294 euro n\u00eb muaj, apo afro 10 her\u00eb m\u00eb e lart\u00eb se pensioni n\u00eb Shqip\u00ebri.<\/p>\n<p>(<a href=\"https:\/\/www.euronews.com\/business\/2024\/05\/31\/pensions-in-europe-which-countries-are-best-and-worst-for-retirement\" target=\"_blank\" rel=\"noopener\">https:\/\/www.euronews.com\/business\/2024\/05\/31\/pensions-in-europe-which-countries-are-best-and-worst-for-retirement<\/a>)<\/p>\n<p>Kjo \u00ebsht\u00eb e v\u00ebrteta trondit\u00ebse me fakte e shifra, jo me logje krenariste t\u00eb narkoqeveris\u00eb. Ky \u00ebsht\u00eb niveli i mjerimit ku jetojn\u00eb m\u00eb shum\u00eb se 650 mij\u00eb pensionist\u00eb shqiptar\u00eb t\u00eb cil\u00ebt mbajn\u00eb frym\u00ebn me parat\u00eb q\u00eb u d\u00ebrgojn\u00eb bijt\u00eb dhe bijat, q\u00eb ua p\u00ebrz\u00eb Edi Rama.<\/p>\n<p>Tej deklaratave qeveritare p\u00ebr reform\u00ebn e pensioneve, tej propagand\u00ebs bajate p\u00ebr rritje ekonomike, p\u00ebr 10 milion\u00eb turist\u00eb n\u00eb Shqip\u00ebrin\u00eb fanar-ndricuese, faktet q\u00eb Eurostat publikon tregojn\u00eb se, varf\u00ebria \u00ebsht\u00eb ulur k\u00ebmb\u00ebkryq n\u00eb Shqip\u00ebri. Me k\u00ebt\u00eb rit\u00ebm, do t\u00eb na duhen dekada p\u00ebr t\u00eb arritur minimumin e standardit evropian p\u00ebr pagat dhe pensionet.<\/p>\n<p>Asgj\u00eb nuk ka p\u00ebr t\u00eb ndryshuar p\u00ebr mir\u00eb sa koh\u00eb Edi Rama qeveris Shqip\u00ebrin\u00eb. Sipas INSTAT, rreth 44% e shqiptar\u00ebve jetojn\u00eb n\u00eb varf\u00ebri. Sipas Eurostat rreth 75% e shqiptar\u00ebve q\u00eb jan\u00eb n\u00eb mosh\u00eb pune rrezikojn\u00eb varf\u00ebrin\u00eb. (<a href=\"https:\/\/citizens.al\/2022\/08\/08\/eurostat-rreth-70-e-popullsise-ne-shqiperi-e-rrezikuar-nga-varferia\" target=\"_blank\" rel=\"noopener\">https:\/\/citizens.al\/2022\/08\/08\/eurostat-rreth-70-e-popullsise-ne-shqiperi-e-rrezikuar-nga-varferia<\/a>\/)<\/p>\n<p>Lul\u00ebzon vet\u00ebm nd\u00ebrtimi, n\u00ebn kujdesin e ve\u00e7ant\u00eb t\u00eb Edi Ram\u00ebs, q\u00eb e ka kthyer k\u00ebt\u00eb sektor n\u00eb lavatri\u00e7e t\u00eb parave t\u00eb krimit t\u00eb organizuar vendas dhe t\u00eb huaj.<\/p>\n<p>Shqiptar\u00ebt nuk mund t\u00eb rrin\u00eb indiferent kur kryeministri tregohet me gisht nga bashk\u00ebpun\u00ebtori m\u00eb i ngusht\u00eb, si kumbar i mafias dhe zhb\u00ebr\u00ebs i zgjedhjeve t\u00eb lira. Kur mediat e huaja e cil\u00ebsojn\u00eb pushtetin e tij si narkoshtet.<\/p>\n<p>Kur shqiptar\u00ebt renditet t\u00eb tret\u00ebt n\u00eb bot\u00eb si azilk\u00ebrkues. Vendi i tyre nuk \u00ebsht\u00eb n\u00eb luft\u00eb si Siria dhe Afganistani, por qeverisja \u00ebsht\u00eb nj\u00eb talebaniz\u00ebm i veshur me Brioni dhe lustruar me reklama t\u00eb paguara n\u00eb mediat e vendit dhe t\u00eb huaja.<\/p>\n<p>Edi Rama po e d\u00ebrrmon vendin, dhe kur ai k\u00ebrkon ta d\u00ebrrmoj\u00eb kund\u00ebrshtarin me vot\u00eb, nuk ka nd\u00ebrmend zgjedhje t\u00eb lira por vjedhje t\u00eb tyre.<\/p>\n<p>Partia Demokratike \u00ebsht\u00eb n\u00eb ball\u00eb t\u00eb kesaj beteje me t\u00eb keqen. Vet\u00ebm nj\u00eb qeveri teknike do t\u00eb siguroj\u00eb kushtet p\u00ebr nj\u00eb proces zgjedhor t\u00eb pranuesh\u00ebm.<\/p>\n<p>Gjysh\u00ebrit e f\u00ebmij\u00ebve tan\u00eb meritojn\u00eb nj\u00eb Shqip\u00ebri q\u00eb nuk i trajton si rob\u00ebr lufte.<\/p>\n","protected":false},"excerpt":{"rendered":"<p>DEKLARATA E ANETARIT TE KRYESISE SE PD, ENO BOZDO: Shqip\u00ebria thyen edhe nj\u00eb rekord tjet\u00ebr t\u00eb zi, n\u00ebn kujdesin e kuratorit t\u00eb t\u00eb gjitha t\u00eb zezave, Edi Ram\u00ebs. Pensioni mesatar n\u00eb Shqip\u00ebri \u00ebsht\u00eb m\u00eb i ulti n\u00eb Evrop\u00eb. Sipas Eurostat, pensioni mesatar n\u00eb Shqip\u00ebri \u00ebsht\u00eb 131 euro n\u00eb muaj, duke i renditur gjysh\u00ebrit, n\u00ebnat dhe &hellip;<\/p>\n","protected":false},"author":4,"featured_media":81597,"comment_status":"closed","ping_status":"closed","sticky":false,"template":"","format":"standard","meta":{"footnotes":""},"categories":[37],"tags":[],"class_list":["post-81596","post","type-post","status-publish","format-standard","has-post-thumbnail","","category-politike"],"_links":{"self":[{"href":"https:\/\/rdnews.al\/index.php\/wp-json\/wp\/v2\/posts\/81596","targetHints":{"allow":["GET"]}}],"collection":[{"href":"https:\/\/rdnews.al\/index.php\/wp-json\/wp\/v2\/posts"}],"about":[{"href":"https:\/\/rdnews.al\/index.php\/wp-json\/wp\/v2\/types\/post"}],"author":[{"embeddable":true,"href":"https:\/\/rdnews.al\/index.php\/wp-json\/wp\/v2\/users\/4"}],"replies":[{"embeddable":true,"href":"https:\/\/rdnews.al\/index.php\/wp-json\/wp\/v2\/comments?post=81596"}],"version-history":[{"count":0,"href":"https:\/\/rdnews.al\/index.php\/wp-json\/wp\/v2\/posts\/81596\/revisions"}],"wp:featuredmedia":[{"embeddable":true,"href":"https:\/\/rdnews.al\/index.php\/wp-json\/wp\/v2\/media\/81597"}],"wp:attachment":[{"href":"https:\/\/rdnews.al\/index.php\/wp-json\/wp\/v2\/media?parent=81596"}],"wp:term":[{"taxonomy":"category","embeddable":true,"href":"https:\/\/rdnews.al\/index.php\/wp-json\/wp\/v2\/categories?post=81596"},{"taxonomy":"post_tag","embeddable":true,"href":"https:\/\/rdnews.al\/index.php\/wp-json\/wp\/v2\/tags?post=81596"}],"curies":[{"name":"wp","href":"https:\/\/api.w.org\/{rel}","templated":true}]}}