{"id":81619,"date":"2024-06-07T16:45:36","date_gmt":"2024-06-07T16:45:36","guid":{"rendered":"https:\/\/rdnews.al\/?p=81619"},"modified":"2024-06-07T16:45:36","modified_gmt":"2024-06-07T16:45:36","slug":"ujerat-e-zeza-te-veliajt-mbulojne-rruget-e-kryeqytetit-permbytet-astiri-ne-mes-te-vapes","status":"publish","type":"post","link":"https:\/\/rdnews.al\/index.php\/2024\/06\/07\/ujerat-e-zeza-te-veliajt-mbulojne-rruget-e-kryeqytetit-permbytet-astiri-ne-mes-te-vapes\/","title":{"rendered":"Uj\u00ebrat e zeza t\u00eb Veliajt mbulojn\u00eb rrug\u00ebt e kryeqytetit, p\u00ebrmbytet Astiri n\u00eb mes t\u00eb vap\u00ebs!"},"content":{"rendered":"<p>P\u00ebrtej propagand\u00ebs s\u00eb Erion Veliajt, Tirana \u00e7do dit\u00eb dhe m\u00eb shum\u00eb zhytet n\u00eb nj\u00eb kaos t\u00eb v\u00ebrtet\u00eb p\u00ebr shkak t\u00eb nd\u00ebrtimeve pa kriter t\u00eb kullave dhe infrastruktur\u00ebs t\u00eb shkat\u00ebrruar pothuajse n\u00eb \u00e7do lagje t\u00eb kryeqytetit.<\/p>\n<p>T\u00eb shumta jan\u00eb rrug\u00ebt q\u00eb \u00e7ahen nga nd\u00ebrmarja e ujsjell\u00ebs-kanalizimi dhe m\u00eb pas qytetar\u00ebt dhe banor\u00ebt kalojn\u00eb nj\u00eb kalvar vuajtjesh ku p\u00ebrdit duhet t\u00eb ecin n\u00eb balt\u00eb, uj\u00eb dhe rrug\u00eb t\u00eb shkat\u00ebrruar.<\/p>\n<p>Duket se edhe n\u00eb dit\u00eb t\u00eb nxehta vere, rrug\u00ebt n\u00eb Tiran\u00eb e kan\u00eb t\u00eb pamundur mos mbyten. K\u00ebshtu ka ndodhur sot, n\u00eb nj\u00eb zon\u00eb t\u00eb Astirit n\u00eb kryeqytet, ku uji nga pusetat ka shp\u00ebrthyer, duke p\u00ebrmbytur rrug\u00ebt.<\/p>\n<p>Rruga \u00ebsht\u00eb mbuluar nga uj\u00ebrat e zeza duke e b\u00ebr\u00eb t\u00eb pamundur p\u00ebr qytetar\u00ebt t\u00eb kalojn\u00eb, e po ashtu, duke krijuar v\u00ebshtir\u00ebsi dhe p\u00ebr makinat.<\/p>\n<p>Qytetar\u00ebt ndihen t\u00eb braktisur nga Bashkia e Tiran\u00ebs, pamjet m\u00eb posht\u00eb tregojn\u00eb se si \u00ebsht\u00eb katandisur zona e Astirit:<\/p>\n<div class=\"jnews_inline_related_post_wrapper left\">\n<div class=\"jnews_inline_related_post\">\n<div class=\"jeg_postblock_29 jeg_postblock jeg_module_hook jeg_pagination_disable jeg_col_2o3 jnews_module_1395280_1_6663302d70171   \" data-unique=\"jnews_module_1395280_1_6663302d70171\">\n<div class=\"jeg_block_navigation\"><\/div>\n<\/div>\n<\/div>\n<\/div>\n<div><iframe loading=\"lazy\" src=\"https:\/\/streamable.com\/e\/pjibyt?\" width=\"100%\" height=\"100%\" allowfullscreen=\"allowfullscreen\" data-mce-fragment=\"1\"><\/iframe><\/div>\n<ul>\n<li><strong>Qytetar\u00ebt protestojn\u00eb, k\u00ebrkojn\u00eb dor\u00ebheqjen e Veliajt<\/strong><\/li>\n<\/ul>\n<p>Kujtojm\u00eb q\u00eb prej disa dit\u00ebsh shoq\u00ebria civile s\u00eb bashku me opozit\u00eb protestuan p\u00ebrball\u00eb Bashkis\u00eb s\u00eb Tiran\u00ebs ku k\u00ebrkuan dor\u00ebheqjen e kryebashkiakut Erion Veliaj pas afer\u00ebs \u201c5D\u201d, ku disa prej drejtor\u00ebve t\u00eb k\u00ebsaj Bashkie kishin p\u00ebrfituar miliona euro tendera nga kjo bashki apo institucione vart\u00ebse t\u00eb saj me kompanin\u00eb e tyre \u201c5D Konstruksion\u201d, q\u00eb sipas SPAK, pronar\u00ebt \u201cde facto\u201d t\u00eb saj ishin Mariglen Qato dhe Redi Molla.<\/p>\n<p>Veliaj \u00ebsht\u00eb i detyruar t\u00eb jap\u00eb \u201cllogari\u201d dhe t\u00eb sqaroj\u00eb k\u00ebshilltar\u00ebt n\u00eb k\u00ebshillin bashkiak, se \u00e7far\u00eb kishte ndodhur, se si kishin avulluar 30 milion\u00eb euro t\u00eb taksave t\u00eb qytetar\u00ebve nga buxheti te xhepat e t\u00eb drejtor\u00ebve t\u00eb em\u00ebruar prej tij.<\/p>\n","protected":false},"excerpt":{"rendered":"<p>P\u00ebrtej propagand\u00ebs s\u00eb Erion Veliajt, Tirana \u00e7do dit\u00eb dhe m\u00eb shum\u00eb zhytet n\u00eb nj\u00eb kaos t\u00eb v\u00ebrtet\u00eb p\u00ebr shkak t\u00eb nd\u00ebrtimeve pa kriter t\u00eb kullave dhe infrastruktur\u00ebs t\u00eb shkat\u00ebrruar pothuajse n\u00eb \u00e7do lagje t\u00eb kryeqytetit. T\u00eb shumta jan\u00eb rrug\u00ebt q\u00eb \u00e7ahen nga nd\u00ebrmarja e ujsjell\u00ebs-kanalizimi dhe m\u00eb pas qytetar\u00ebt dhe banor\u00ebt kalojn\u00eb nj\u00eb kalvar vuajtjesh &hellip;<\/p>\n","protected":false},"author":4,"featured_media":81620,"comment_status":"closed","ping_status":"closed","sticky":false,"template":"","format":"standard","meta":{"footnotes":""},"categories":[37],"tags":[],"class_list":["post-81619","post","type-post","status-publish","format-standard","has-post-thumbnail","","category-politike"],"_links":{"self":[{"href":"https:\/\/rdnews.al\/index.php\/wp-json\/wp\/v2\/posts\/81619","targetHints":{"allow":["GET"]}}],"collection":[{"href":"https:\/\/rdnews.al\/index.php\/wp-json\/wp\/v2\/posts"}],"about":[{"href":"https:\/\/rdnews.al\/index.php\/wp-json\/wp\/v2\/types\/post"}],"author":[{"embeddable":true,"href":"https:\/\/rdnews.al\/index.php\/wp-json\/wp\/v2\/users\/4"}],"replies":[{"embeddable":true,"href":"https:\/\/rdnews.al\/index.php\/wp-json\/wp\/v2\/comments?post=81619"}],"version-history":[{"count":0,"href":"https:\/\/rdnews.al\/index.php\/wp-json\/wp\/v2\/posts\/81619\/revisions"}],"wp:featuredmedia":[{"embeddable":true,"href":"https:\/\/rdnews.al\/index.php\/wp-json\/wp\/v2\/media\/81620"}],"wp:attachment":[{"href":"https:\/\/rdnews.al\/index.php\/wp-json\/wp\/v2\/media?parent=81619"}],"wp:term":[{"taxonomy":"category","embeddable":true,"href":"https:\/\/rdnews.al\/index.php\/wp-json\/wp\/v2\/categories?post=81619"},{"taxonomy":"post_tag","embeddable":true,"href":"https:\/\/rdnews.al\/index.php\/wp-json\/wp\/v2\/tags?post=81619"}],"curies":[{"name":"wp","href":"https:\/\/api.w.org\/{rel}","templated":true}]}}