{"id":81637,"date":"2024-06-07T18:17:59","date_gmt":"2024-06-07T18:17:59","guid":{"rendered":"https:\/\/rdnews.al\/?p=81637"},"modified":"2024-06-07T18:17:59","modified_gmt":"2024-06-07T18:17:59","slug":"kerkohet-arrestimi-i-steve-bannon-reagimi-ska-qeli-te-me-mbylle-gojen-2","status":"publish","type":"post","link":"https:\/\/rdnews.al\/index.php\/2024\/06\/07\/kerkohet-arrestimi-i-steve-bannon-reagimi-ska-qeli-te-me-mbylle-gojen-2\/","title":{"rendered":"K\u00ebrkohet arrestimi i Steve Bannon, reagimi: S\u2019ka qeli t\u00eb m\u00eb mbyll\u00eb goj\u00ebn!"},"content":{"rendered":"<p>\u00cbsht\u00eb d\u00ebnuar me 4 muaj burg, ideologu populist i krahut t\u00eb djatht\u00eb dhe t\u00eb ekstremit t\u00eb djatht\u00eb amerikan, Steve Bannon, dikur k\u00ebshilltar me ndikim i ish-presidentit Donald Trump n\u00eb Sht\u00ebpin\u00eb e Bardh\u00eb. Vendimi u dha nga gjykata t\u00eb enjten, nd\u00ebrsa pritet q\u00eb ai t\u00eb nis\u00eb t\u00eb vuaj d\u00ebnimin jo m\u00eb von\u00eb se 1 korriku.<\/p>\n<p><a href=\"https:\/\/news.sky.com\/story\/donald-trump-ally-steve-bannon-ordered-to-report-to-prison-to-begin-contempt-sentence-13149090\" target=\"_blank\" rel=\"noopener\">D\u00ebnimi<\/a>\u00a0i tij u shqiptua n\u00eb tetor 2022 p\u00ebr pengim t\u00eb nj\u00eb hetimi t\u00eb Kongresit sepse zoti Bannon refuzoi t\u00eb bashk\u00ebpunonte kur u thirr p\u00ebr t\u00eb d\u00ebshmuar p\u00ebr sulmin n\u00eb Kapitolin federal m\u00eb 6 janar 2021. Ai u la n\u00eb fuqi nga nj\u00eb gjykat\u00eb apeli m\u00eb 10 maj 2024.<\/p>\n<p>M\u00ebsohet se ai ishte pezulluar pas nj\u00eb apeli nga mbrojtja, por gjyqtari Carl Nichols e hoqi at\u00eb pezullim me k\u00ebrkes\u00eb t\u00eb prokuroris\u00eb dhe urdh\u00ebroi t\u00eb pandehurin, 70 vje\u00e7, t\u00eb paraqitej n\u00eb burg jo m\u00eb von\u00eb se 1 korriku. \u201cAsgj\u00eb nuk do t\u00eb m\u00eb mbyll\u00eb goj\u00ebn\u201d, ishte reagimi i Steve Bannon teksa largohej nga gjykata, duke parashikuar se \u201cdo t\u00eb fshijm\u00eb\u201d zgjedhjet e 5 n\u00ebntorit, duke iu referuar republikan\u00ebve. Kujtojm\u00eb se nj\u00eb tjet\u00ebr ish-k\u00ebshilltar i Trump, Peter Navarro, u d\u00ebnua me kat\u00ebr muaj burg p\u00ebr t\u00eb nj\u00ebjtat arsye si Bannon, filloi t\u00eb vuante d\u00ebnimin e tij n\u00eb mars 2024.<\/p>\n","protected":false},"excerpt":{"rendered":"<p>\u00cbsht\u00eb d\u00ebnuar me 4 muaj burg, ideologu populist i krahut t\u00eb djatht\u00eb dhe t\u00eb ekstremit t\u00eb djatht\u00eb amerikan, Steve Bannon, dikur k\u00ebshilltar me ndikim i ish-presidentit Donald Trump n\u00eb Sht\u00ebpin\u00eb e Bardh\u00eb. Vendimi u dha nga gjykata t\u00eb enjten, nd\u00ebrsa pritet q\u00eb ai t\u00eb nis\u00eb t\u00eb vuaj d\u00ebnimin jo m\u00eb von\u00eb se 1 korriku. D\u00ebnimi\u00a0i &hellip;<\/p>\n","protected":false},"author":4,"featured_media":81612,"comment_status":"closed","ping_status":"closed","sticky":false,"template":"","format":"standard","meta":{"footnotes":""},"categories":[38],"tags":[],"class_list":["post-81637","post","type-post","status-publish","format-standard","has-post-thumbnail","","category-bota"],"_links":{"self":[{"href":"https:\/\/rdnews.al\/index.php\/wp-json\/wp\/v2\/posts\/81637","targetHints":{"allow":["GET"]}}],"collection":[{"href":"https:\/\/rdnews.al\/index.php\/wp-json\/wp\/v2\/posts"}],"about":[{"href":"https:\/\/rdnews.al\/index.php\/wp-json\/wp\/v2\/types\/post"}],"author":[{"embeddable":true,"href":"https:\/\/rdnews.al\/index.php\/wp-json\/wp\/v2\/users\/4"}],"replies":[{"embeddable":true,"href":"https:\/\/rdnews.al\/index.php\/wp-json\/wp\/v2\/comments?post=81637"}],"version-history":[{"count":0,"href":"https:\/\/rdnews.al\/index.php\/wp-json\/wp\/v2\/posts\/81637\/revisions"}],"wp:featuredmedia":[{"embeddable":true,"href":"https:\/\/rdnews.al\/index.php\/wp-json\/wp\/v2\/media\/81612"}],"wp:attachment":[{"href":"https:\/\/rdnews.al\/index.php\/wp-json\/wp\/v2\/media?parent=81637"}],"wp:term":[{"taxonomy":"category","embeddable":true,"href":"https:\/\/rdnews.al\/index.php\/wp-json\/wp\/v2\/categories?post=81637"},{"taxonomy":"post_tag","embeddable":true,"href":"https:\/\/rdnews.al\/index.php\/wp-json\/wp\/v2\/tags?post=81637"}],"curies":[{"name":"wp","href":"https:\/\/api.w.org\/{rel}","templated":true}]}}