{"id":81700,"date":"2024-06-08T18:45:27","date_gmt":"2024-06-08T18:45:27","guid":{"rendered":"https:\/\/rdnews.al\/?p=81700"},"modified":"2024-06-08T18:45:27","modified_gmt":"2024-06-08T18:45:27","slug":"berisha-shqiperia-nuk-ka-dhe-nuk-mund-te-kete-zgjedhje-pa-voten-e-diaspores-dhe-emigracionit","status":"publish","type":"post","link":"https:\/\/rdnews.al\/index.php\/2024\/06\/08\/berisha-shqiperia-nuk-ka-dhe-nuk-mund-te-kete-zgjedhje-pa-voten-e-diaspores-dhe-emigracionit\/","title":{"rendered":"Berisha: Shqip\u00ebria nuk ka dhe nuk mund t\u00eb ket\u00eb zgjedhje pa vot\u00ebn e diaspor\u00ebs dhe emigracionit"},"content":{"rendered":"<p>Kryetari i Partis\u00eb Demokratike, Sali Berisha gjat\u00eb fjal\u00ebs s\u00eb tij n\u00eb tubimin qytetar, u ka b\u00ebr\u00eb thirrje shqiptar\u00ebve q\u00eb votojn\u00eb n\u00eb Bashkimin Europian, q\u00eb vot\u00ebn e tyre ta japin partit\u00eb e qendr\u00ebs s\u00eb djatht\u00eb n\u00eb shtetet q\u00eb ata jetojn\u00eb.<\/p>\n<p>\u201cMir\u00ebmbr\u00ebma dhe p\u00ebrsh\u00ebndetjet m\u00eb t\u00eb p\u00ebrzem\u00ebrta.<\/p>\n<p>Mir\u00ebnjohjen m\u00eb t\u00eb pakufishme p\u00ebr q\u00ebndres\u00ebn tuaj epike.<\/p>\n<p>Mir\u00ebnjohje t\u00eb pakufishme orator\u00ebve t\u00eb parlamentit t\u00eb liris\u00eb, q\u00eb p\u00ebrcjellin \u00e7do nat\u00eb n\u00eb votrat, mendjen dhe zemrat e shqiptar\u00ebve, t\u00eb v\u00ebrtetat e narkoshtetit, shtetit t\u00eb drgo\u00ebs dhe mafies.<\/p>\n<p>Diktatur\u00ebs t\u00eb bazuar n\u00eb aleanc\u00ebn me krimin, drog\u00ebn dhe vjedhjen e shqiptar\u00ebve t\u00eb Edi Ram\u00ebs.<\/p>\n<p>T\u00eb dashur miq, sot p\u00ebrs\u00ebri dhe nes\u00ebr n\u00eb mbar\u00eb Europ\u00ebn vazhdojn\u00eb zgjedhjet p\u00ebr Parlamentin Europian dhe institucionet e reja t\u00eb BE.<\/p>\n<p>Fati e ka sjell\u00eb q\u00eb shqiptar\u00ebt t\u00eb jen\u00eb sot m\u00eb shum\u00eb votues n\u00eb Europ\u00eb sesa n\u00eb vendin e tyre.<\/p>\n<p>Ndaj dhe un\u00eb i ftoj t\u00eb gjith\u00eb an\u00ebtar\u00ebt dhe m\u00ebbshtet\u00ebsit e PD kudo q\u00eb jan\u00eb t\u00eb votojn\u00eb partit\u00eb e qendr\u00ebs s\u00eb djatht\u00eb. N\u00eb t\u00ebr\u00ebsi t\u00eb votojn\u00eb p\u00ebr Forza Italia n\u00eb vendin fqinj, Nea Demokracin\u00eb, CDU-n\u00eb, t\u00eb votojn\u00eb Partin\u00eb Popullore Austriake, t\u00eb votojn\u00eb partit\u00eb e qendr\u00ebs s\u00eb djatht\u00eb n\u00eb Kroaci, Slloveni dhe mbar\u00eb vendet e tjera.<\/p>\n<p>I ftoj t\u00eb votojn\u00eb kandidat\u00ebt shqiptar\u00eb kudo q\u00eb jan\u00eb.<\/p>\n<p>I ftoj t\u00eb marrin pjes\u00eb n\u00eb k\u00ebto zgjedhje dhe t\u00eb votojn\u00eb p\u00ebr kandidat\u00ebt m\u00eb t\u00eb mir\u00eb q\u00eb ata besojn\u00eb.<\/p>\n<p>Le t\u00eb votojn\u00eb p\u00ebr ne dhe p\u00ebr Shqip\u00ebrin\u00eb, n\u00eb em\u00ebr ton\u00eb dhe t\u00eb shqiptar\u00ebve.<\/p>\n<p>Zoti i bekoft\u00eb!<\/p>\n<p>I garantoj se n\u00eb k\u00ebt\u00eb vend zgjedhje t\u00eb tjera nuk do zhvillohen pa vot\u00ebn e tyre, pa pjes\u00ebmarrjen e tyre.<\/p>\n<p>Le t\u00eb tmerrohet Edi Rama nga vota e tyre, por zgjedhje Shqip\u00ebria nuk ka dhe nuk mund t\u00eb ket\u00eb pa vot\u00ebn e diaspor\u00ebs dhe emigracionit\u201d, tha Berisha.<\/p>\n","protected":false},"excerpt":{"rendered":"<p>Kryetari i Partis\u00eb Demokratike, Sali Berisha gjat\u00eb fjal\u00ebs s\u00eb tij n\u00eb tubimin qytetar, u ka b\u00ebr\u00eb thirrje shqiptar\u00ebve q\u00eb votojn\u00eb n\u00eb Bashkimin Europian, q\u00eb vot\u00ebn e tyre ta japin partit\u00eb e qendr\u00ebs s\u00eb djatht\u00eb n\u00eb shtetet q\u00eb ata jetojn\u00eb. \u201cMir\u00ebmbr\u00ebma dhe p\u00ebrsh\u00ebndetjet m\u00eb t\u00eb p\u00ebrzem\u00ebrta. Mir\u00ebnjohjen m\u00eb t\u00eb pakufishme p\u00ebr q\u00ebndres\u00ebn tuaj epike. Mir\u00ebnjohje t\u00eb &hellip;<\/p>\n","protected":false},"author":4,"featured_media":77655,"comment_status":"closed","ping_status":"closed","sticky":false,"template":"","format":"standard","meta":{"footnotes":""},"categories":[37],"tags":[],"class_list":["post-81700","post","type-post","status-publish","format-standard","has-post-thumbnail","","category-politike"],"_links":{"self":[{"href":"https:\/\/rdnews.al\/index.php\/wp-json\/wp\/v2\/posts\/81700","targetHints":{"allow":["GET"]}}],"collection":[{"href":"https:\/\/rdnews.al\/index.php\/wp-json\/wp\/v2\/posts"}],"about":[{"href":"https:\/\/rdnews.al\/index.php\/wp-json\/wp\/v2\/types\/post"}],"author":[{"embeddable":true,"href":"https:\/\/rdnews.al\/index.php\/wp-json\/wp\/v2\/users\/4"}],"replies":[{"embeddable":true,"href":"https:\/\/rdnews.al\/index.php\/wp-json\/wp\/v2\/comments?post=81700"}],"version-history":[{"count":0,"href":"https:\/\/rdnews.al\/index.php\/wp-json\/wp\/v2\/posts\/81700\/revisions"}],"wp:featuredmedia":[{"embeddable":true,"href":"https:\/\/rdnews.al\/index.php\/wp-json\/wp\/v2\/media\/77655"}],"wp:attachment":[{"href":"https:\/\/rdnews.al\/index.php\/wp-json\/wp\/v2\/media?parent=81700"}],"wp:term":[{"taxonomy":"category","embeddable":true,"href":"https:\/\/rdnews.al\/index.php\/wp-json\/wp\/v2\/categories?post=81700"},{"taxonomy":"post_tag","embeddable":true,"href":"https:\/\/rdnews.al\/index.php\/wp-json\/wp\/v2\/tags?post=81700"}],"curies":[{"name":"wp","href":"https:\/\/api.w.org\/{rel}","templated":true}]}}