{"id":81722,"date":"2024-06-09T19:27:37","date_gmt":"2024-06-09T19:27:37","guid":{"rendered":"https:\/\/rdnews.al\/?p=81722"},"modified":"2024-06-09T19:27:37","modified_gmt":"2024-06-09T19:27:37","slug":"humbi-zgjedhjet-per-pe-macron-shperndan-parlamentin-vendi-drejt-zgjedhjeve","status":"publish","type":"post","link":"https:\/\/rdnews.al\/index.php\/2024\/06\/09\/humbi-zgjedhjet-per-pe-macron-shperndan-parlamentin-vendi-drejt-zgjedhjeve\/","title":{"rendered":"Humbi zgjedhjet p\u00ebr PE, Macron shp\u00ebrndan Parlamentin, vendi drejt zgjedhjeve"},"content":{"rendered":"<p>Presidenti francez, Emmanuel Macron\u00a0ka njoftuar se po shp\u00ebrndan Asamblen\u00eb Komb\u00ebtare dhe do t\u00eb th\u00ebrras\u00eb zgjedhje t\u00eb parakoshme\u00a0m\u00eb 30 qershor dhe 7 korrik.<\/p>\n<p>Presidenti francez tha se nuk mund t\u00eb pretendoj\u00eb se asgj\u00eb nuk ka ndodhur, se rezultati i zgjedhjeve t\u00eb BE-s\u00eb nuk \u00ebsht\u00eb i mir\u00eb p\u00ebr qeverin\u00eb e tij dhe se rritja e nacionalist\u00ebve \u00ebsht\u00eb nj\u00eb rrezik p\u00ebr Franc\u00ebn dhe Evrop\u00ebn.<\/p>\n<p>\u201cKam vendosur t\u2019ju kthej zgjedhjen e s\u00eb ardhmes son\u00eb parlamentare p\u00ebrmes votimit. Prandaj po shp\u00ebrndaj Asamblen\u00eb Komb\u00ebtare. Votimi do t\u00eb b\u00ebhet n\u00eb dy raunde m\u00eb 30 qershor dhe 7 korrik\u201d, tha ai.<\/p>\n<p class=\"sc-gZMcBi render-stellar-contentstyles__Paragraph-sc-9v7nwy-2 dCwndB\">Sondazhet n\u00eb Franc\u00eb tregojn\u00eb se partia e ekstremit t\u00eb djatht\u00eb Rally National (RN) ka dal\u00eb n\u00eb krye me 31.5% t\u00eb votave, m\u00eb shum\u00eb se dyfishi i partis\u00eb s\u00eb Rilindjes s\u00eb presidentit Macron.<\/p>\n<p class=\"sc-gZMcBi render-stellar-contentstyles__Paragraph-sc-9v7nwy-2 dCwndB\">Rilindja, e udh\u00ebhequr nga Valerie Hayer, u rendit n\u00eb vendin e dyt\u00eb me 15.2% t\u00eb votave, pak p\u00ebrpara socialist\u00ebve t\u00eb tret\u00eb me 14.3%.<\/p>\n<p class=\"sc-gZMcBi render-stellar-contentstyles__Paragraph-sc-9v7nwy-2 dCwndB\">Pjes\u00ebmarrja ishte n\u00eb nj\u00eb nivel rekord prej 45.3%, sipas Ministris\u00eb s\u00eb Brendshme franceze \u2013 2 pik\u00eb p\u00ebrqindjeje m\u00eb e lart\u00eb se zgjedhjet e m\u00ebparshme evropiane t\u00eb mbajtura n\u00eb 2019.<\/p>\n","protected":false},"excerpt":{"rendered":"<p>Presidenti francez, Emmanuel Macron\u00a0ka njoftuar se po shp\u00ebrndan Asamblen\u00eb Komb\u00ebtare dhe do t\u00eb th\u00ebrras\u00eb zgjedhje t\u00eb parakoshme\u00a0m\u00eb 30 qershor dhe 7 korrik. Presidenti francez tha se nuk mund t\u00eb pretendoj\u00eb se asgj\u00eb nuk ka ndodhur, se rezultati i zgjedhjeve t\u00eb BE-s\u00eb nuk \u00ebsht\u00eb i mir\u00eb p\u00ebr qeverin\u00eb e tij dhe se rritja e nacionalist\u00ebve \u00ebsht\u00eb &hellip;<\/p>\n","protected":false},"author":3,"featured_media":9145,"comment_status":"closed","ping_status":"closed","sticky":false,"template":"","format":"standard","meta":{"footnotes":""},"categories":[38],"tags":[],"class_list":["post-81722","post","type-post","status-publish","format-standard","has-post-thumbnail","","category-bota"],"_links":{"self":[{"href":"https:\/\/rdnews.al\/index.php\/wp-json\/wp\/v2\/posts\/81722","targetHints":{"allow":["GET"]}}],"collection":[{"href":"https:\/\/rdnews.al\/index.php\/wp-json\/wp\/v2\/posts"}],"about":[{"href":"https:\/\/rdnews.al\/index.php\/wp-json\/wp\/v2\/types\/post"}],"author":[{"embeddable":true,"href":"https:\/\/rdnews.al\/index.php\/wp-json\/wp\/v2\/users\/3"}],"replies":[{"embeddable":true,"href":"https:\/\/rdnews.al\/index.php\/wp-json\/wp\/v2\/comments?post=81722"}],"version-history":[{"count":0,"href":"https:\/\/rdnews.al\/index.php\/wp-json\/wp\/v2\/posts\/81722\/revisions"}],"wp:featuredmedia":[{"embeddable":true,"href":"https:\/\/rdnews.al\/index.php\/wp-json\/wp\/v2\/media\/9145"}],"wp:attachment":[{"href":"https:\/\/rdnews.al\/index.php\/wp-json\/wp\/v2\/media?parent=81722"}],"wp:term":[{"taxonomy":"category","embeddable":true,"href":"https:\/\/rdnews.al\/index.php\/wp-json\/wp\/v2\/categories?post=81722"},{"taxonomy":"post_tag","embeddable":true,"href":"https:\/\/rdnews.al\/index.php\/wp-json\/wp\/v2\/tags?post=81722"}],"curies":[{"name":"wp","href":"https:\/\/api.w.org\/{rel}","templated":true}]}}