{"id":81771,"date":"2024-06-10T10:09:28","date_gmt":"2024-06-10T10:09:28","guid":{"rendered":"https:\/\/rdnews.al\/?p=81771"},"modified":"2024-06-10T10:09:28","modified_gmt":"2024-06-10T10:09:28","slug":"balliu-liria-e-erion-veliajt-eshte-prova-e-kapjes-se-drejtesise","status":"publish","type":"post","link":"https:\/\/rdnews.al\/index.php\/2024\/06\/10\/balliu-liria-e-erion-veliajt-eshte-prova-e-kapjes-se-drejtesise\/","title":{"rendered":"Balliu: Liria e Erion Veliajt \u00ebsht\u00eb prova e kapjes s\u00eb drejt\u00ebsis\u00eb!"},"content":{"rendered":"<p>N\u00eb protest\u00ebn e qytetar\u00ebve p\u00ebrpara Bashkis\u00eb s\u00eb Tiran\u00ebs, foli edhe Klevis Balliu, i cili u b\u00ebri thirrje polic\u00ebve t\u00eb bashkohen me protestuesit.<\/p>\n<p>\u201cVazhdojm\u00eb sot t\u00eb protestojm\u00eb kund\u00ebr vjedhjes.\u00a0Ne jemi kund\u00ebr vjedhjes, po k\u00ebta p\u00ebrball\u00eb nesh a jan\u00eb pro vjedhjes?\u00a0Kalojini hekurat dhe dilni me qytetar\u00ebt, aty ku e keni vendin dhe jo me Lal Hajdutin\u201d,\u00a0tha ai.<\/p>\n<p>Duke iu drejtuar Veliajt, ai tha:\u00a0\u201cTi dhe urdh\u00ebr q\u00eb t\u00eb dhunohen qytetar\u00ebt protestues, nd\u00ebrkoh\u00eb q\u00eb fle gjum\u00eb me Durim Bamin!\u00a0Qytetar\u00ebt i ke shtruar n\u00eb spital me dhun\u00eb, kurse me kriminel\u00ebt q\u00eb pastron parat\u00eb ha dreka dhe darka.<\/p>\n<p>Ky q\u00eb dit\u00ebn q\u00eb doli krimi \u00e7njer\u00ebzor, vjedhja \u00e7njer\u00ebzore q\u00eb i ka b\u00ebr\u00eb Erion Veliaj qytetit t\u00eb Tiran\u00ebs, duhet t\u00eb jepte dor\u00ebheqjen.\u00a0Por ai nuk jep dor\u00ebheqjen sepse duhet t\u00eb mbrohet nga vjedhja. Ata n\u00eb SPAK nuk sillen si koleg\u00eb t\u00eb Veliajt, por si n\u00ebpun\u00ebsa t\u00eb tij.<\/p>\n<p>Liria e Veliajt dhe Edi Ram\u00ebs \u00ebsht\u00eb prova e kapjes s\u00eb drejt\u00ebsis\u00eb n\u00eb Shqip\u00ebri\u201d.<\/p>\n<p>\u201cGjith\u00eb Europa \u00ebsht\u00eb b\u00ebr\u00eb blu, nuk hyjm\u00eb n\u00eb Europ\u00eb n\u00ebse jemi t\u00eb kuq. P\u00ebr t\u00eb sjell\u00eb demokracin\u00eb, \u00e7do mjet \u00ebsht\u00eb demokratik, \u00e7do sakrific\u00eb \u00ebsht\u00eb demokratike. K\u00ebta kan\u00eb vjedhur shtetin dhe t\u00eb ardhmen, ndaj \u00e7do mjet \u00ebsht\u00eb demokratik. Ne do b\u00ebjm\u00eb gjith\u00e7ka p\u00ebr ta kthyer vendin n\u00eb shinat e Europ\u00ebs, p\u00ebr ta rikthyer vendin blu\u201d, tha Balliu.<\/p>\n","protected":false},"excerpt":{"rendered":"<p>N\u00eb protest\u00ebn e qytetar\u00ebve p\u00ebrpara Bashkis\u00eb s\u00eb Tiran\u00ebs, foli edhe Klevis Balliu, i cili u b\u00ebri thirrje polic\u00ebve t\u00eb bashkohen me protestuesit. \u201cVazhdojm\u00eb sot t\u00eb protestojm\u00eb kund\u00ebr vjedhjes.\u00a0Ne jemi kund\u00ebr vjedhjes, po k\u00ebta p\u00ebrball\u00eb nesh a jan\u00eb pro vjedhjes?\u00a0Kalojini hekurat dhe dilni me qytetar\u00ebt, aty ku e keni vendin dhe jo me Lal Hajdutin\u201d,\u00a0tha ai. &hellip;<\/p>\n","protected":false},"author":4,"featured_media":81772,"comment_status":"closed","ping_status":"closed","sticky":false,"template":"","format":"standard","meta":{"footnotes":""},"categories":[37],"tags":[],"class_list":["post-81771","post","type-post","status-publish","format-standard","has-post-thumbnail","","category-politike"],"_links":{"self":[{"href":"https:\/\/rdnews.al\/index.php\/wp-json\/wp\/v2\/posts\/81771","targetHints":{"allow":["GET"]}}],"collection":[{"href":"https:\/\/rdnews.al\/index.php\/wp-json\/wp\/v2\/posts"}],"about":[{"href":"https:\/\/rdnews.al\/index.php\/wp-json\/wp\/v2\/types\/post"}],"author":[{"embeddable":true,"href":"https:\/\/rdnews.al\/index.php\/wp-json\/wp\/v2\/users\/4"}],"replies":[{"embeddable":true,"href":"https:\/\/rdnews.al\/index.php\/wp-json\/wp\/v2\/comments?post=81771"}],"version-history":[{"count":0,"href":"https:\/\/rdnews.al\/index.php\/wp-json\/wp\/v2\/posts\/81771\/revisions"}],"wp:featuredmedia":[{"embeddable":true,"href":"https:\/\/rdnews.al\/index.php\/wp-json\/wp\/v2\/media\/81772"}],"wp:attachment":[{"href":"https:\/\/rdnews.al\/index.php\/wp-json\/wp\/v2\/media?parent=81771"}],"wp:term":[{"taxonomy":"category","embeddable":true,"href":"https:\/\/rdnews.al\/index.php\/wp-json\/wp\/v2\/categories?post=81771"},{"taxonomy":"post_tag","embeddable":true,"href":"https:\/\/rdnews.al\/index.php\/wp-json\/wp\/v2\/tags?post=81771"}],"curies":[{"name":"wp","href":"https:\/\/api.w.org\/{rel}","templated":true}]}}