{"id":81803,"date":"2024-06-10T11:54:11","date_gmt":"2024-06-10T11:54:11","guid":{"rendered":"https:\/\/rdnews.al\/?p=81803"},"modified":"2024-06-10T11:54:11","modified_gmt":"2024-06-10T11:54:11","slug":"foto-kulles-se-pazarit-te-ri-i-mbijne-4-kate-shtese","status":"publish","type":"post","link":"https:\/\/rdnews.al\/index.php\/2024\/06\/10\/foto-kulles-se-pazarit-te-ri-i-mbijne-4-kate-shtese\/","title":{"rendered":"Foto\/ Kull\u00ebs s\u00eb Pazarit t\u00eb ri i mbijn\u00eb 4 kate shtes\u00eb!"},"content":{"rendered":"<p>N\u00eb fund t\u00eb vitit t\u00eb kaluar K\u00ebshilli Komb\u00ebtar i Territorit miratoi lejen e zhvillimit p\u00ebr nj\u00eb \u201cGodin\u00eb Polifunksionale 2-21 kate me 2 kate n\u00ebntok\u00eb,\u201d n\u00eb rrug\u00ebn Hoxha Tahsin, n\u00eb af\u00ebrsi t\u00eb Pazarit t\u00eb Ri. Shoq\u00ebria zhvilluese e lejes ishte nj\u00eb kompani e quajtur Oni &amp; Afa, e cila zot\u00ebrohen n\u00eb mas\u00ebn 100 p\u00ebr qind nga biznesmeni Agron Hajdarkolaj.<\/p>\n<p>Sipas dokumentave shoq\u00ebruese t\u00eb projektit, kulla do t\u00eb kishte 21 kate mbi tok\u00eb. Por vet\u00ebm 6 muaj pas miratimit t\u00eb lejes s\u00eb zhvillimit, objekti ka ndryshuar rrug\u00ebs, madje edhe pronar\u00ebt q\u00eb q\u00ebndrojn\u00eb pas tij.<\/p>\n<p>Kull\u00ebs rezulton t\u2019i jet\u00eb bashkangjitur edhe nj\u00eb kompani e quajtur Building shpk. Nd\u00ebrsa numri i kateve mbi tok\u00eb ka ndryshuar nga 21 n\u00eb 25 kate. Ndryshimet jan\u00eb zbuluar nga vet\u00eb kompania Building SHPK n\u00eb faqen e saj n\u00eb Instagram, e cila ka nisur shitjen e apartamenteve n\u00eb kull\u00ebn ende t\u00eb pafilluar.<\/p>\n<p><img loading=\"lazy\" decoding=\"async\" class=\"alignnone size-full wp-image-17558\" src=\"https:\/\/www.kapitali.al\/wp-content\/uploads\/2024\/06\/heist.png\" sizes=\"auto, (max-width: 497px) 100vw, 497px\" srcset=\"https:\/\/www.kapitali.al\/wp-content\/uploads\/2024\/06\/heist.png 497w, https:\/\/www.kapitali.al\/wp-content\/uploads\/2024\/06\/heist-181x300.png 181w\" alt=\"\" width=\"497\" height=\"822\" \/><\/p>\n<p>Shtimi i kateve dhe ndryshimi i pronar\u00ebve \u00ebsht\u00eb bv\u00ebr\u00eb nj\u00eb fenomen masiv p\u00ebr kullat q\u00eb miratohen n\u00eb seri n\u00eb Tiran\u00eb. Building shpk rezulton nj\u00eb kompani e themeluar rishtaz, por e shnd\u00ebrruar vrullsh\u00ebm n\u00eb nj\u00eb shoq\u00ebri, e cila \u00ebsht\u00eb p\u00ebrfshir\u00eb n\u00eb disa nga kullat dhe projektet m\u00eb t\u00eb m\u00ebdha t\u00eb nd\u00ebrtimit n\u00eb Tiran\u00eb.<\/p>\n<p>Sipas faqes zyrtare t\u00eb kompanis\u00eb n\u00eb rrjetet sociale, ajo rezulton e p\u00ebrfshir\u00eb n\u00eb kull\u00ebn Ekspozita Building, tek Rezidenca Luxor, ajo Paralel Living n\u00eb Don Bosco dhe kompleksi Aura n\u00eb rrug\u00ebn Dritan Hoxha. N\u00eb t\u00eb nj\u00ebjtat projekte rezulton edhe kompania LIM-EM e Shk\u00eblqim Beshirit, nj\u00eb nd\u00ebrtues i njohur n\u00eb Tiran\u00eb.<\/p>\n<p><img loading=\"lazy\" decoding=\"async\" class=\"alignnone size-full wp-image-17559\" src=\"https:\/\/www.kapitali.al\/wp-content\/uploads\/2024\/06\/ekspo.png\" sizes=\"auto, (max-width: 753px) 100vw, 753px\" srcset=\"https:\/\/www.kapitali.al\/wp-content\/uploads\/2024\/06\/ekspo.png 753w, https:\/\/www.kapitali.al\/wp-content\/uploads\/2024\/06\/ekspo-259x300.png 259w\" alt=\"\" width=\"753\" height=\"871\" \/><\/p>\n<p>Nuk dihet n\u00ebse mes dy kompanive ka ndonj\u00eb lidhje. Building shpk \u00ebsht\u00eb themeluar n\u00eb qershor t\u00eb vitit 2021 dhe zot\u00ebrohet nga Reinald Sulaj dhe Nail Ademi. Q\u00eb n\u00eb 6 muajt e par\u00eb, Building shpk realizoi gati 1 milion\u00eb euro faturim. Por nj\u00eb vit m\u00eb von\u00eb, n\u00eb vitin 2022, xhiro e Building shpk fluturoi n\u00eb 6.5 milion\u00eb euro.<\/p>\n<p>Nuk dihet n\u00ebse Sulaj dhe Ademi jan\u00eb pronar\u00ebt real\u00eb t\u00eb kullave shum\u00ebkat\u00ebshe, q\u00eb kompania ka marr\u00eb n\u00eb Tiran\u00eb, apo pas tyre ka emra t\u00eb tjer\u00eb. N\u00eb sektorin e nd\u00ebrtimit n\u00eb Shqip\u00ebri, lindja e kompanive nga hicci, t\u00eb cilat pastaj p\u00ebrfshihen n\u00eb kulla qindra milion\u00eb euroshe \u00ebsht\u00eb b\u00ebr\u00eb fenomen i zakonsh\u00ebm duke shtuar shqet\u00ebsimet p\u00ebr fshehje t\u00eb pronar\u00ebve real\u00eb apo ato p\u00ebr pastrim parash.<\/p>\n<p>Tashm\u00eb kompania Building SHPK s\u00eb bashku Oni &amp; Afa do t\u00eb nd\u00ebrtojn\u00eb kull\u00ebn 25 kat\u00ebshe n\u00eb rrug\u00ebn Hoxha Tahsin, katet e s\u00eb cil\u00ebs u shtuan rrug\u00ebs.\u00a0 \/Kapitali.al<\/p>\n","protected":false},"excerpt":{"rendered":"<p>N\u00eb fund t\u00eb vitit t\u00eb kaluar K\u00ebshilli Komb\u00ebtar i Territorit miratoi lejen e zhvillimit p\u00ebr nj\u00eb \u201cGodin\u00eb Polifunksionale 2-21 kate me 2 kate n\u00ebntok\u00eb,\u201d n\u00eb rrug\u00ebn Hoxha Tahsin, n\u00eb af\u00ebrsi t\u00eb Pazarit t\u00eb Ri. Shoq\u00ebria zhvilluese e lejes ishte nj\u00eb kompani e quajtur Oni &amp; Afa, e cila zot\u00ebrohen n\u00eb mas\u00ebn 100 p\u00ebr qind nga &hellip;<\/p>\n","protected":false},"author":4,"featured_media":81804,"comment_status":"closed","ping_status":"closed","sticky":false,"template":"","format":"standard","meta":{"footnotes":""},"categories":[37],"tags":[],"class_list":["post-81803","post","type-post","status-publish","format-standard","has-post-thumbnail","","category-politike"],"_links":{"self":[{"href":"https:\/\/rdnews.al\/index.php\/wp-json\/wp\/v2\/posts\/81803","targetHints":{"allow":["GET"]}}],"collection":[{"href":"https:\/\/rdnews.al\/index.php\/wp-json\/wp\/v2\/posts"}],"about":[{"href":"https:\/\/rdnews.al\/index.php\/wp-json\/wp\/v2\/types\/post"}],"author":[{"embeddable":true,"href":"https:\/\/rdnews.al\/index.php\/wp-json\/wp\/v2\/users\/4"}],"replies":[{"embeddable":true,"href":"https:\/\/rdnews.al\/index.php\/wp-json\/wp\/v2\/comments?post=81803"}],"version-history":[{"count":0,"href":"https:\/\/rdnews.al\/index.php\/wp-json\/wp\/v2\/posts\/81803\/revisions"}],"wp:featuredmedia":[{"embeddable":true,"href":"https:\/\/rdnews.al\/index.php\/wp-json\/wp\/v2\/media\/81804"}],"wp:attachment":[{"href":"https:\/\/rdnews.al\/index.php\/wp-json\/wp\/v2\/media?parent=81803"}],"wp:term":[{"taxonomy":"category","embeddable":true,"href":"https:\/\/rdnews.al\/index.php\/wp-json\/wp\/v2\/categories?post=81803"},{"taxonomy":"post_tag","embeddable":true,"href":"https:\/\/rdnews.al\/index.php\/wp-json\/wp\/v2\/tags?post=81803"}],"curies":[{"name":"wp","href":"https:\/\/api.w.org\/{rel}","templated":true}]}}