{"id":82134,"date":"2024-06-13T18:52:21","date_gmt":"2024-06-13T18:52:21","guid":{"rendered":"https:\/\/rdnews.al\/?p=82134"},"modified":"2024-06-13T18:52:21","modified_gmt":"2024-06-13T18:52:21","slug":"berisha-sot-del-ne-skene-edhe-mcgonigali-rumun-gjenerali-qe-merrej-me-edi-ramen-dhe-sinaloan","status":"publish","type":"post","link":"https:\/\/rdnews.al\/index.php\/2024\/06\/13\/berisha-sot-del-ne-skene-edhe-mcgonigali-rumun-gjenerali-qe-merrej-me-edi-ramen-dhe-sinaloan\/","title":{"rendered":"Berisha: Sot del n\u00eb sken\u00eb edhe McGonigali rumun, gjenerali q\u00eb merrej me Edi Ram\u00ebn dhe \u201cSinaloan\u201d"},"content":{"rendered":"<p>Kryetari i Partis\u00eb Demokratike, Sali Berisha \u00ebsht\u00eb ndalur edhe te skandali m\u00eb i fundit i lidhjeve politike t\u00eb Edi Ram\u00ebs dhe mafias m\u00eb t\u00eb rrezikshme n\u00eb bot\u00eb, kartelin meksikan Sinaloa.<\/p>\n<p>Berisha tha se, sot del n\u00eb sken\u00eb edhe McGonigali rumun, gjenerali q\u00eb merrej me Edi Ram\u00ebn dhe Sinaloan, klanin m\u00eb t\u00eb rreziksh\u00ebm mafioz t\u00eb bot\u00ebs.<\/p>\n<p>\u201cSot del n\u00eb sken\u00eb edhe McGonigali rumun, gjenerali i sh\u00ebrbimeve sekrete rumune q\u00eb merrej me Sinaloan, klanin m\u00eb t\u00eb rreziksh\u00ebm mafioz t\u00eb bot\u00ebs me lidhje shqiptare, Edi Ram\u00ebn.<\/p>\n<p>Gjenerali Koldea, miku i ngusht\u00eb i Taulant Ball\u00ebs dhe Edi Ram\u00ebs, nd\u00ebrmjet\u00ebs n\u00eb krime i tyre.<\/p>\n<p>Dhe sot shtypi rumun, i t\u00ebri zien p\u00ebr Edi Ram\u00ebn e Sinaloas t\u00eb Meksik\u00ebs, p\u00ebr lidhjet e tij me drog\u00ebn.<\/p>\n<p>Miqt\u00eb e mi, a do pranojm\u00eb ne m\u00eb tutje k\u00ebt\u00eb kryeminist\u00ebr q\u00eb me bot\u00ebn nd\u00ebrkomb\u00ebtare t\u00eb krimit don t\u00eb mposht\u00eb shqiptar\u00ebt.<\/p>\n<p>Ne jemi n\u00eb rrug\u00eb t\u00eb drejt\u00eb, ne jemi t\u00eb vendosur dhe \u00e7do dit\u00eb do ecim drejt betej\u00ebs finale.<\/p>\n<p>Ne jemi n\u00eb betej\u00eb pa kthim.<\/p>\n<p>Ju garantoj se k\u00ebt\u00eb betej\u00eb do ta fitojm\u00eb.<\/p>\n<p>Se p\u00ebr k\u00ebt\u00eb betej\u00eb jemi t\u00eb gatsh\u00ebm p\u00ebr \u00e7do sakrific\u00eb.<\/p>\n<p>Se nuk do mashtrojn\u00eb kurr\u00eb shqiptar\u00ebt njeri, por do votojn\u00eb si qytetar\u00eb t\u00eb lir\u00eb t\u00eb nj\u00eb vendi t\u00eb lir\u00eb.<\/p>\n<p>Me sakrificat tona, me \u00e7do sakrific\u00eb, ne do u garantojm\u00eb shqiptar\u00ebve vot\u00ebn dhe lirin\u00eb e tyre\u201d, tha Berisha.<\/p>\n","protected":false},"excerpt":{"rendered":"<p>Kryetari i Partis\u00eb Demokratike, Sali Berisha \u00ebsht\u00eb ndalur edhe te skandali m\u00eb i fundit i lidhjeve politike t\u00eb Edi Ram\u00ebs dhe mafias m\u00eb t\u00eb rrezikshme n\u00eb bot\u00eb, kartelin meksikan Sinaloa. Berisha tha se, sot del n\u00eb sken\u00eb edhe McGonigali rumun, gjenerali q\u00eb merrej me Edi Ram\u00ebn dhe Sinaloan, klanin m\u00eb t\u00eb rreziksh\u00ebm mafioz t\u00eb bot\u00ebs. &hellip;<\/p>\n","protected":false},"author":4,"featured_media":81830,"comment_status":"closed","ping_status":"closed","sticky":false,"template":"","format":"standard","meta":{"footnotes":""},"categories":[37],"tags":[],"class_list":["post-82134","post","type-post","status-publish","format-standard","has-post-thumbnail","","category-politike"],"_links":{"self":[{"href":"https:\/\/rdnews.al\/index.php\/wp-json\/wp\/v2\/posts\/82134","targetHints":{"allow":["GET"]}}],"collection":[{"href":"https:\/\/rdnews.al\/index.php\/wp-json\/wp\/v2\/posts"}],"about":[{"href":"https:\/\/rdnews.al\/index.php\/wp-json\/wp\/v2\/types\/post"}],"author":[{"embeddable":true,"href":"https:\/\/rdnews.al\/index.php\/wp-json\/wp\/v2\/users\/4"}],"replies":[{"embeddable":true,"href":"https:\/\/rdnews.al\/index.php\/wp-json\/wp\/v2\/comments?post=82134"}],"version-history":[{"count":0,"href":"https:\/\/rdnews.al\/index.php\/wp-json\/wp\/v2\/posts\/82134\/revisions"}],"wp:featuredmedia":[{"embeddable":true,"href":"https:\/\/rdnews.al\/index.php\/wp-json\/wp\/v2\/media\/81830"}],"wp:attachment":[{"href":"https:\/\/rdnews.al\/index.php\/wp-json\/wp\/v2\/media?parent=82134"}],"wp:term":[{"taxonomy":"category","embeddable":true,"href":"https:\/\/rdnews.al\/index.php\/wp-json\/wp\/v2\/categories?post=82134"},{"taxonomy":"post_tag","embeddable":true,"href":"https:\/\/rdnews.al\/index.php\/wp-json\/wp\/v2\/tags?post=82134"}],"curies":[{"name":"wp","href":"https:\/\/api.w.org\/{rel}","templated":true}]}}