{"id":82142,"date":"2024-06-13T19:40:30","date_gmt":"2024-06-13T19:40:30","guid":{"rendered":"https:\/\/rdnews.al\/?p=82142"},"modified":"2024-06-13T20:17:00","modified_gmt":"2024-06-13T20:17:00","slug":"bardhi-njeriu-me-i-merzitur-pas-vendimit-te-apelit-eshte-rama-e-kam-nga-burime-prane-tij","status":"publish","type":"post","link":"https:\/\/rdnews.al\/index.php\/2024\/06\/13\/bardhi-njeriu-me-i-merzitur-pas-vendimit-te-apelit-eshte-rama-e-kam-nga-burime-prane-tij\/","title":{"rendered":"Bardhi: Njeriu m\u00eb i m\u00ebrzitur 48 or\u00ebt e fundit \u00ebsht\u00eb Rama, \u00e7far\u00eb m\u00eb thonin njer\u00ebzit e Bash\u00ebs&#8230;"},"content":{"rendered":"<p>Kreu i Grupit Parlamentar t\u00eb Partis\u00eb Demokratike, Gazment Bardhi ka pohuar se vendimi i Apelit ishte thjesht\u00eb zbatim i zb\u00ebrthimit\u00a0q\u00eb i b\u00ebri Gjykata e Lart\u00eb \u00e7\u00ebshtjes. Bardhi tha n\u00eb &#8216;\u00c7im Peka Live&#8217; se, njeriu me i m\u00ebrzitur pas vendimit t\u00eb Apelti ka qen\u00eb Rama, k\u00ebt\u00eb e kam nga burime nga njer\u00ebz pran\u00eb tij.<\/p>\n<p>\u201cNjeriu m\u00eb i m\u00ebrzitur 48 or\u00ebt e fundit n\u00eb Shqip\u00ebri, Pas vendimit t\u00eb Apelit ka qen\u00eb Edi Rama. Ne nuk kishim vet\u00ebm problemin e Vul\u00ebs, ne na ishte v\u00ebn\u00eb n\u00eb diskutim grupi parlamentar. Pra, ne na thuahej se ju jeni 50 veta, jan\u00eb 7 t\u00eb tjer\u00eb dhe grupi parlamentar jan\u00eb k\u00ebta, ju 50 do duhet t\u2019u bindeni k\u00ebtyre t\u00eb 7-t\u00ebve. Dhe rezistenca jon\u00eb b\u00ebri q\u00eb ne t\u00eb fitojm\u00eb legjitimitetin n\u00eb Kuvend. Dhe m\u00eb pas erdhi vendimi i Gjykat\u00ebs s\u00eb Lart\u00eb q\u00eb e zgjidhi \u00e7\u00ebshtjen. Mua m\u00eb vinin, miq t\u00eb mi, q\u00eb ishin me Bash\u00ebn, se u thoshte Basha Gjykata e Lart\u00eb na e ka dh\u00ebn\u00eb ne, dhe u thoja q\u00eb mos d\u00ebgjoni \u00e7far\u00eb thot\u00eb Basha, 3 paragraf\u00eb jan\u00eb, dhe GJL e thoshte qart\u00eb, Apeli vet\u00ebm sa e ekzekutoi\u201d, tha Bardhi.<\/p>\n<p>M\u00ebtej Bardhi ka ironizuar th\u00ebnien e Bash\u00ebs se m\u00eb kan\u00eb vdekur 60-mij\u00eb an\u00ebtar\u00eb, kur tha se sot, pas vendimit t\u00eb Apelit, lajmi i mir\u00eb \u00ebsht\u00eb q\u00eb nuk na kan\u00eb vdekur 60-mij\u00eb an\u00ebtar\u00eb, jan\u00eb aty t\u00eb gjith\u00eb.<\/p>\n","protected":false},"excerpt":{"rendered":"<p>Kreu i Grupit Parlamentar t\u00eb Partis\u00eb Demokratike, Gazment Bardhi ka pohuar se vendimi i Apelit ishte thjesht\u00eb zbatim i zb\u00ebrthimit\u00a0q\u00eb i b\u00ebri Gjykata e Lart\u00eb \u00e7\u00ebshtjes. Bardhi tha n\u00eb &#8216;\u00c7im Peka Live&#8217; se, njeriu me i m\u00ebrzitur pas vendimit t\u00eb Apelti ka qen\u00eb Rama, k\u00ebt\u00eb e kam nga burime nga njer\u00ebz pran\u00eb tij. \u201cNjeriu m\u00eb &hellip;<\/p>\n","protected":false},"author":4,"featured_media":75004,"comment_status":"closed","ping_status":"closed","sticky":false,"template":"","format":"standard","meta":{"footnotes":""},"categories":[37],"tags":[],"class_list":["post-82142","post","type-post","status-publish","format-standard","has-post-thumbnail","","category-politike"],"_links":{"self":[{"href":"https:\/\/rdnews.al\/index.php\/wp-json\/wp\/v2\/posts\/82142","targetHints":{"allow":["GET"]}}],"collection":[{"href":"https:\/\/rdnews.al\/index.php\/wp-json\/wp\/v2\/posts"}],"about":[{"href":"https:\/\/rdnews.al\/index.php\/wp-json\/wp\/v2\/types\/post"}],"author":[{"embeddable":true,"href":"https:\/\/rdnews.al\/index.php\/wp-json\/wp\/v2\/users\/4"}],"replies":[{"embeddable":true,"href":"https:\/\/rdnews.al\/index.php\/wp-json\/wp\/v2\/comments?post=82142"}],"version-history":[{"count":0,"href":"https:\/\/rdnews.al\/index.php\/wp-json\/wp\/v2\/posts\/82142\/revisions"}],"wp:featuredmedia":[{"embeddable":true,"href":"https:\/\/rdnews.al\/index.php\/wp-json\/wp\/v2\/media\/75004"}],"wp:attachment":[{"href":"https:\/\/rdnews.al\/index.php\/wp-json\/wp\/v2\/media?parent=82142"}],"wp:term":[{"taxonomy":"category","embeddable":true,"href":"https:\/\/rdnews.al\/index.php\/wp-json\/wp\/v2\/categories?post=82142"},{"taxonomy":"post_tag","embeddable":true,"href":"https:\/\/rdnews.al\/index.php\/wp-json\/wp\/v2\/tags?post=82142"}],"curies":[{"name":"wp","href":"https:\/\/api.w.org\/{rel}","templated":true}]}}