{"id":82149,"date":"2024-06-13T20:26:02","date_gmt":"2024-06-13T20:26:02","guid":{"rendered":"https:\/\/rdnews.al\/?p=82149"},"modified":"2024-06-13T20:26:02","modified_gmt":"2024-06-13T20:26:02","slug":"marine-le-pen-pergatitet-te-qeverise-francen-me-republikanet-pas-zgjedhjeve-te-30-qershorit","status":"publish","type":"post","link":"https:\/\/rdnews.al\/index.php\/2024\/06\/13\/marine-le-pen-pergatitet-te-qeverise-francen-me-republikanet-pas-zgjedhjeve-te-30-qershorit\/","title":{"rendered":"Marine Le Pen p\u00ebrgatitet t\u00eb qeveris\u00eb Franc\u00ebn me republikan\u00ebt pas zgjedhjeve t\u00eb 30 qershorit"},"content":{"rendered":"<p>Partia Bashkimi Komb\u00ebtar e ekstremit t\u00eb djatht\u00eb po negocion me aleat\u00eb t\u00eb mundsh\u00ebm p\u00ebr t\u00eb formuar nj\u00eb ekip q\u00eb mund t\u00eb drejtoj\u00eb qeverin\u00eb franceze n\u00ebse fiton zgjedhjet e parakohshme, duke sjell\u00eb p\u00ebrfaq\u00ebsues nga radh\u00ebt e saj dhe m\u00eb gjer\u00eb, tha nj\u00eb ligjv\u00ebn\u00ebs t\u00eb enjten p\u00ebr agjencin\u00eb e lajmeve Reuters.<\/p>\n<p>Anketat e opinionit publik tregojn\u00eb se p\u00ebr her\u00eb t\u00eb par\u00eb, partia e zonj\u00ebs Marine Le Pen mund t\u00eb marr\u00eb shumic\u00ebn e votave n\u00eb zgjedhjet e 30 qershorit dhe 7 korrikut, por jo t\u00eb mjaftueshme p\u00ebr t\u00eb qeverisur e vetme.<\/p>\n<p>Zgjedhjet e parakohshme do t\u00eb zhvillohen n\u00eb dy raunde, m\u00eb 30 qershor dhe 7 korrik, tre jav\u00eb pasi partia Bashkimi Komb\u00ebtar triumfoi n\u00eb zgjedhjet p\u00ebr Parlamentin Europian.<\/p>\n<p>Presidenti Emmanuel Macron i thirri zgjedhjet e parakohshme pas humbjes s\u00eb aleanc\u00ebs s\u00eb tij t\u00eb qendr\u00ebs s\u00eb djatht\u00eb n\u00eb zgjedhjet e s\u00eb diel\u00ebs. Kjo fitore e s\u00eb djatht\u00ebs s\u00eb skajshme i ka nxitur partit\u00eb franceze q\u00eb t\u00eb p\u00ebrcaktojn\u00eb kandidat\u00ebt dhe t\u00eb p\u00ebrgatisin programet e tyre.<\/p>\n<p>Sfida p\u00ebr partin\u00eb euroskeptike, Bashkimi Komb\u00ebtar e cila njihet p\u00ebr q\u00ebndrimin kund\u00ebr emigracionit, \u00ebsht\u00eb q\u00eb t\u00eb transformoj\u00eb popullaritetin n\u00eb nj\u00eb fitore dhe t\u00eb bind\u00eb votuesit se mund t\u2019i besojn\u00eb asaj q\u00eb t\u00eb qeveris\u00eb vendin.<\/p>\n<p>\u201cE gjith\u00eb puna e viteve t\u00eb fundit nga Marine Le Pen na ka kthyer n\u00eb nj\u00eb parti q\u00eb mund ta marr\u00eb qeverisjen\u201d, tha ligjv\u00ebn\u00ebsi i Bashkimit Komb\u00ebtar, Laurent Jacobelli, p\u00ebr agjencin\u00eb e lajmeve Reuters.<\/p>\n<p>\u201cKemi muaj q\u00eb punojm\u00eb p\u00ebr nj\u00eb plan p\u00ebr emigracionin\u201d, tha ai duke iu referuar rezidenc\u00ebs zyrtare t\u00eb kryeministrit. Nj\u00eb pjes\u00eb e k\u00ebtij plani p\u00ebrfshin paraqitjen e kandidat\u00ebve p\u00ebr 577 zonat elektorale t\u00eb Franc\u00ebs, tha zoti Jacobelli, i cili \u00ebsht\u00eb gjithashtu nj\u00eb z\u00ebdh\u00ebn\u00ebs i Bashkimit Komb\u00ebtar.<\/p>\n<p>Ai tha se dhjet\u00ebra kandidat\u00eb do t\u00eb jen\u00eb nga radh\u00ebt e republikan\u00ebve konservator, (LR) parti e cila \u00ebsht\u00eb n\u00eb nj\u00eb proces shp\u00ebrb\u00ebrjeje pasi udh\u00ebheq\u00ebsi i saj, Eric Ciotti, b\u00ebri thirrje p\u00ebr nj\u00eb aleanc\u00eb me Bashkimin Komb\u00ebtar. Pjesa tjet\u00ebr e udh\u00ebheqjes s\u00eb partis\u00eb u shpreh kund\u00ebr dhe e p\u00ebrjashtoi at\u00eb. Sipas burimeve, udh\u00ebheqja e partis\u00eb ka hedhur dyshime n\u00ebse zoti Ciotti mund t\u00eb t\u00ebrheq\u00eb me vete kaq shum\u00eb kandidat\u00eb.<\/p>\n<p>Zoti Jacobelli tha se, nd\u00ebrsa Bashkimi Komb\u00ebtar nuk ka nj\u00eb qeveri n\u00eb hije me nj\u00eb list\u00eb t\u00eb plot\u00eb t\u00eb ministrave t\u00eb mundsh\u00ebm, ajo po shqyrtonte formimin e nj\u00eb kabineti nga radh\u00ebt e saj dhe m\u00eb gjer\u00eb.<\/p>\n<p>\u201cAjo q\u00eb duam t\u00eb b\u00ebjm\u00eb \u00ebsht\u00eb q\u00eb t\u00eb formojm\u00eb nj\u00eb qeveri t\u00eb unitetit komb\u00ebtar\u201d, tha ai, duke p\u00ebrdorur nj\u00eb term q\u00eb zakonisht n\u00ebnkupton nj\u00eb gam\u00eb t\u00eb gjer\u00eb partish, por ka t\u00eb ngjar\u00eb t\u00eb p\u00ebrfshij\u00eb an\u00ebtar\u00eb t\u00eb Bashkimit Komb\u00ebtar, konservator\u00eb t\u00eb linj\u00ebs s\u00eb ashp\u00ebr dhe kandidat\u00eb jopartiak.<\/p>\n<p>Partia Bashkimi Komb\u00ebtar nuk ka arritur t\u00eb fitoj\u00eb besimin e votuesve francez\u00eb p\u00ebr t\u00eb marr\u00eb drejtimin e vendit p\u00ebr shkak t\u00eb politikave t\u00eb saj radikale, si dhe nga nj\u00eb konsensus prej dekadash mes partive kryesore p\u00ebr t\u00eb bashkuar forcat kund\u00ebr saj.<\/p>\n<p>Por n\u00ebn drejtimin e zonj\u00ebs Le Pen dhe drejtuesit t\u00eb ri t\u00eb partis\u00eb, Jordan Bardella, partia e ka p\u00ebrmir\u00ebsuar imazhin e saj duke t\u00ebrhequr nj\u00eb num\u00ebr n\u00eb rritje t\u00eb votuesve francez\u00eb.<\/p>\n<p>Partia Bashkimi Komb\u00ebtar k\u00ebrkon zbatimin e politikave ekonomike proteksioniste. Sipas programit t\u00eb saj, vet\u00ebm qytetar\u00ebt francez\u00eb g\u00ebzojn\u00eb t\u00eb drejt\u00ebn e p\u00ebrfitimeve t\u00eb kujdesit p\u00ebr f\u00ebmij\u00ebt dhe emigrat\u00ebve q\u00eb nuk punojn\u00eb p\u00ebr m\u00eb shum\u00eb se nj\u00eb vit do t\u2019u hiqej e drejta e q\u00ebndrimit. Ajo ka propozuar shpenzime m\u00eb t\u00eb larta publike, pavar\u00ebsisht niveleve t\u00eb larta t\u00eb borxheve, \u00e7ka do t\u00eb rriste m\u00eb tej koston e huamarrjes.<\/p>\n<p>N\u00eb nj\u00eb flet\u00ebpalosje t\u00eb k\u00ebsaj partie thuhej se ulja e \u00e7mimeve t\u00eb energjis\u00eb elektrike dhe e TVSH-s\u00eb p\u00ebr gazin dhe karburantin, n\u00eb nivele t\u00eb paspecifikuara, s\u00eb bashku me nj\u00eb nd\u00ebrprerje radikale t\u00eb imigracionit dhe luft\u00ebn e ashp\u00ebr kund\u00ebr krimit, ishin p\u00ebrpar\u00ebsi t\u00eb Bashkimit Komb\u00ebtar.\/ VOA<\/p>\n","protected":false},"excerpt":{"rendered":"<p>Partia Bashkimi Komb\u00ebtar e ekstremit t\u00eb djatht\u00eb po negocion me aleat\u00eb t\u00eb mundsh\u00ebm p\u00ebr t\u00eb formuar nj\u00eb ekip q\u00eb mund t\u00eb drejtoj\u00eb qeverin\u00eb franceze n\u00ebse fiton zgjedhjet e parakohshme, duke sjell\u00eb p\u00ebrfaq\u00ebsues nga radh\u00ebt e saj dhe m\u00eb gjer\u00eb, tha nj\u00eb ligjv\u00ebn\u00ebs t\u00eb enjten p\u00ebr agjencin\u00eb e lajmeve Reuters. Anketat e opinionit publik tregojn\u00eb se &hellip;<\/p>\n","protected":false},"author":3,"featured_media":82150,"comment_status":"closed","ping_status":"closed","sticky":false,"template":"","format":"standard","meta":{"footnotes":""},"categories":[38],"tags":[],"class_list":["post-82149","post","type-post","status-publish","format-standard","has-post-thumbnail","","category-bota"],"_links":{"self":[{"href":"https:\/\/rdnews.al\/index.php\/wp-json\/wp\/v2\/posts\/82149","targetHints":{"allow":["GET"]}}],"collection":[{"href":"https:\/\/rdnews.al\/index.php\/wp-json\/wp\/v2\/posts"}],"about":[{"href":"https:\/\/rdnews.al\/index.php\/wp-json\/wp\/v2\/types\/post"}],"author":[{"embeddable":true,"href":"https:\/\/rdnews.al\/index.php\/wp-json\/wp\/v2\/users\/3"}],"replies":[{"embeddable":true,"href":"https:\/\/rdnews.al\/index.php\/wp-json\/wp\/v2\/comments?post=82149"}],"version-history":[{"count":0,"href":"https:\/\/rdnews.al\/index.php\/wp-json\/wp\/v2\/posts\/82149\/revisions"}],"wp:featuredmedia":[{"embeddable":true,"href":"https:\/\/rdnews.al\/index.php\/wp-json\/wp\/v2\/media\/82150"}],"wp:attachment":[{"href":"https:\/\/rdnews.al\/index.php\/wp-json\/wp\/v2\/media?parent=82149"}],"wp:term":[{"taxonomy":"category","embeddable":true,"href":"https:\/\/rdnews.al\/index.php\/wp-json\/wp\/v2\/categories?post=82149"},{"taxonomy":"post_tag","embeddable":true,"href":"https:\/\/rdnews.al\/index.php\/wp-json\/wp\/v2\/tags?post=82149"}],"curies":[{"name":"wp","href":"https:\/\/api.w.org\/{rel}","templated":true}]}}