{"id":82478,"date":"2024-06-18T10:03:53","date_gmt":"2024-06-18T10:03:53","guid":{"rendered":"https:\/\/rdnews.al\/?p=82478"},"modified":"2024-06-18T10:05:40","modified_gmt":"2024-06-18T10:05:40","slug":"tabaku-ligj-anti-kushtetues-dhe-preferencial-per-taksimin-e-profesioneve-te-lira","status":"publish","type":"post","link":"https:\/\/rdnews.al\/index.php\/2024\/06\/18\/tabaku-ligj-anti-kushtetues-dhe-preferencial-per-taksimin-e-profesioneve-te-lira\/","title":{"rendered":"Taksimi i profesioneve t\u00eb lira\/ Tabaku: Ligj anti-kushtetues dhe preferencial"},"content":{"rendered":"<p>Deputetet\u00a0Jorida Tabaku dhe Emilia Koliqi kan\u00eb dh\u00ebn\u00eb nj\u00eb deklarat\u00eb p\u00ebr mediat n\u00eb lidhje me seanc\u00ebn q\u00eb po mbahet n\u00eb Kushtetuese mbi padit\u00eb p\u00ebr taksimin e profesioneve t\u00eb lira.<\/p>\n<p>Tabaku tha se, Gjykata Kushtetuese d\u00ebgjoi pal\u00ebt nd\u00ebrsa koncepti kryesor sipas saj \u00ebsht\u00eb t\u00eb mbrohet puna, shtresa e mesme dhe ata q\u00eb punojn\u00eb.<\/p>\n<p>\u201cKoncepti kryesor qe po diskutojm\u00eb sot \u00ebsht\u00eb se duhet t\u00eb mbrojm\u00eb pun\u00ebn dhe shtres\u00ebn e mesme. Ligji p\u00ebr Tatimet \u00ebsht\u00eb ndryshuar 23 her\u00eb, duke krijuar pasiguri dhe trajtim preferencial p\u00ebr nj\u00eb grup q\u00eb \u00ebsht\u00eb duke u hequr nga taksat. 106 profesione t\u00eb lira jan\u00eb duke paguar nj\u00eb trajtim t\u00eb padrejt\u00eb. Ky ligj \u00ebsht\u00eb antikushtetues dhe ka trajtim preferencial. Do t\u00eb ket\u00eb efekt bumerang t\u00eb rritjes s\u00eb \u00e7mimeve. Ligji \u00ebsht\u00eb bumerang i qeveris\u00eb, favorizimi i pakic\u00ebs dhe goditja e shumic\u00ebs\u201d, tha Tabaku.<\/p>\n","protected":false},"excerpt":{"rendered":"<p>Deputetet\u00a0Jorida Tabaku dhe Emilia Koliqi kan\u00eb dh\u00ebn\u00eb nj\u00eb deklarat\u00eb p\u00ebr mediat n\u00eb lidhje me seanc\u00ebn q\u00eb po mbahet n\u00eb Kushtetuese mbi padit\u00eb p\u00ebr taksimin e profesioneve t\u00eb lira. Tabaku tha se, Gjykata Kushtetuese d\u00ebgjoi pal\u00ebt nd\u00ebrsa koncepti kryesor sipas saj \u00ebsht\u00eb t\u00eb mbrohet puna, shtresa e mesme dhe ata q\u00eb punojn\u00eb. \u201cKoncepti kryesor qe po &hellip;<\/p>\n","protected":false},"author":4,"featured_media":82479,"comment_status":"closed","ping_status":"closed","sticky":false,"template":"","format":"standard","meta":{"footnotes":""},"categories":[37],"tags":[],"class_list":["post-82478","post","type-post","status-publish","format-standard","has-post-thumbnail","","category-politike"],"_links":{"self":[{"href":"https:\/\/rdnews.al\/index.php\/wp-json\/wp\/v2\/posts\/82478","targetHints":{"allow":["GET"]}}],"collection":[{"href":"https:\/\/rdnews.al\/index.php\/wp-json\/wp\/v2\/posts"}],"about":[{"href":"https:\/\/rdnews.al\/index.php\/wp-json\/wp\/v2\/types\/post"}],"author":[{"embeddable":true,"href":"https:\/\/rdnews.al\/index.php\/wp-json\/wp\/v2\/users\/4"}],"replies":[{"embeddable":true,"href":"https:\/\/rdnews.al\/index.php\/wp-json\/wp\/v2\/comments?post=82478"}],"version-history":[{"count":0,"href":"https:\/\/rdnews.al\/index.php\/wp-json\/wp\/v2\/posts\/82478\/revisions"}],"wp:featuredmedia":[{"embeddable":true,"href":"https:\/\/rdnews.al\/index.php\/wp-json\/wp\/v2\/media\/82479"}],"wp:attachment":[{"href":"https:\/\/rdnews.al\/index.php\/wp-json\/wp\/v2\/media?parent=82478"}],"wp:term":[{"taxonomy":"category","embeddable":true,"href":"https:\/\/rdnews.al\/index.php\/wp-json\/wp\/v2\/categories?post=82478"},{"taxonomy":"post_tag","embeddable":true,"href":"https:\/\/rdnews.al\/index.php\/wp-json\/wp\/v2\/tags?post=82478"}],"curies":[{"name":"wp","href":"https:\/\/api.w.org\/{rel}","templated":true}]}}