{"id":82529,"date":"2024-06-18T18:36:07","date_gmt":"2024-06-18T18:36:07","guid":{"rendered":"https:\/\/rdnews.al\/?p=82529"},"modified":"2024-06-18T18:36:07","modified_gmt":"2024-06-18T18:36:07","slug":"berisha-taksa-ndaj-profesioneve-te-lira-do-te-hiqet-e-para-bashke-me-taksen-e-rruges-se-kombit","status":"publish","type":"post","link":"https:\/\/rdnews.al\/index.php\/2024\/06\/18\/berisha-taksa-ndaj-profesioneve-te-lira-do-te-hiqet-e-para-bashke-me-taksen-e-rruges-se-kombit\/","title":{"rendered":"Berisha: Taksa ndaj profesioneve t\u00eb lira do t\u00eb hiqet e para, bashk\u00eb me taks\u00ebn e Rrug\u00ebs s\u00eb Kombit"},"content":{"rendered":"<p>Lideri i opozit\u00ebs, Sali Berisha premtoi se takas e profesioneve t\u00eb lira do t\u00eb hiqet e para me ardhjen e Partis\u00eb Demokratike n\u00eb pushtet. Gjithashtu Berisha theksoi se bashk\u00eb me taks\u00ebn e profesioneve t\u00eb lira do t\u00eb hiqet edhe taksa e Rrug\u00ebs s\u00eb Kombit.<\/p>\n<p>\u201cProfesionet e lira ofrojn\u00eb universin e sh\u00ebrbimeve ndaj qytetar\u00ebve.<\/p>\n<p>Mungesa e k\u00ebtyre sh\u00ebrbimeve \u00ebsht\u00eb nxitje direkte e fuqishme p\u00ebr t\u00eb braktisur vendin.<\/p>\n<p>\u00cbsht\u00eb nxitje e shqiptar\u00ebve p\u00ebr t\u2019u larguar masivisht nga Shqip\u00ebria si\u00e7 po largohen.<\/p>\n<p>\u00cbsht\u00eb nj\u00eb akt i tmerrsh\u00ebm p\u00ebr nj\u00eb shoq\u00ebri.<\/p>\n<p>Taksa q\u00eb vendosi Edi Rama \u00ebsht\u00eb nj\u00eb taks\u00eb antikomb\u00ebtare ndaj tyre.<\/p>\n<p>Taksa q\u00eb vendosi Edi Rama \u00ebsht\u00eb nj\u00eb rr\u00ebnim i sh\u00ebrbimeve p\u00ebr qytetar\u00ebt.<\/p>\n<p>PD, duke shprehur vler\u00ebsimin m\u00eb t\u00eb madh p\u00ebr ta, i garanton se n\u00eb nj\u00eb akt t\u00eb par\u00eb t\u00eb fitores s\u00eb PD, ajo taks\u00eb do hiqet e para, bashk\u00eb me taks\u00ebn e Rrug\u00ebs s\u00eb Kombit\u201d, tha Berisha.<\/p>\n","protected":false},"excerpt":{"rendered":"<p>Lideri i opozit\u00ebs, Sali Berisha premtoi se takas e profesioneve t\u00eb lira do t\u00eb hiqet e para me ardhjen e Partis\u00eb Demokratike n\u00eb pushtet. Gjithashtu Berisha theksoi se bashk\u00eb me taks\u00ebn e profesioneve t\u00eb lira do t\u00eb hiqet edhe taksa e Rrug\u00ebs s\u00eb Kombit. \u201cProfesionet e lira ofrojn\u00eb universin e sh\u00ebrbimeve ndaj qytetar\u00ebve. Mungesa e &hellip;<\/p>\n","protected":false},"author":4,"featured_media":81930,"comment_status":"closed","ping_status":"closed","sticky":false,"template":"","format":"standard","meta":{"footnotes":""},"categories":[37],"tags":[],"class_list":["post-82529","post","type-post","status-publish","format-standard","has-post-thumbnail","","category-politike"],"_links":{"self":[{"href":"https:\/\/rdnews.al\/index.php\/wp-json\/wp\/v2\/posts\/82529","targetHints":{"allow":["GET"]}}],"collection":[{"href":"https:\/\/rdnews.al\/index.php\/wp-json\/wp\/v2\/posts"}],"about":[{"href":"https:\/\/rdnews.al\/index.php\/wp-json\/wp\/v2\/types\/post"}],"author":[{"embeddable":true,"href":"https:\/\/rdnews.al\/index.php\/wp-json\/wp\/v2\/users\/4"}],"replies":[{"embeddable":true,"href":"https:\/\/rdnews.al\/index.php\/wp-json\/wp\/v2\/comments?post=82529"}],"version-history":[{"count":0,"href":"https:\/\/rdnews.al\/index.php\/wp-json\/wp\/v2\/posts\/82529\/revisions"}],"wp:featuredmedia":[{"embeddable":true,"href":"https:\/\/rdnews.al\/index.php\/wp-json\/wp\/v2\/media\/81930"}],"wp:attachment":[{"href":"https:\/\/rdnews.al\/index.php\/wp-json\/wp\/v2\/media?parent=82529"}],"wp:term":[{"taxonomy":"category","embeddable":true,"href":"https:\/\/rdnews.al\/index.php\/wp-json\/wp\/v2\/categories?post=82529"},{"taxonomy":"post_tag","embeddable":true,"href":"https:\/\/rdnews.al\/index.php\/wp-json\/wp\/v2\/tags?post=82529"}],"curies":[{"name":"wp","href":"https:\/\/api.w.org\/{rel}","templated":true}]}}