{"id":82535,"date":"2024-06-18T18:49:19","date_gmt":"2024-06-18T18:49:19","guid":{"rendered":"https:\/\/rdnews.al\/?p=82535"},"modified":"2024-06-18T18:49:19","modified_gmt":"2024-06-18T18:49:19","slug":"malkaj-ambasadoret-zihen-se-kush-do-te-vije-ne-shqiperi-kryeministri-i-mbush-thaset-me-para","status":"publish","type":"post","link":"https:\/\/rdnews.al\/index.php\/2024\/06\/18\/malkaj-ambasadoret-zihen-se-kush-do-te-vije-ne-shqiperi-kryeministri-i-mbush-thaset-me-para\/","title":{"rendered":"Malkaj: Ambasador\u00ebt zihen se kush do t\u00eb vij\u00eb n\u00eb Shqip\u00ebri, kryeministri i mbush thas\u00ebt me para"},"content":{"rendered":"<p>Aktori i njohur, Mehdi Malkaj n\u00eb fjal\u00ebn e ti jn\u00eb Rrug\u00ebn e Shpres\u00ebs kund\u00ebr arrestimit politik t\u00eb liderit t\u00eb opozit\u00ebs \u00ebsht\u00eb shprehur se ambasador\u00ebt n\u00eb per\u00ebndim b\u00ebjn\u00eb sherr q\u00eb t\u00eb vijn\u00eb n\u00eb Shqip\u00ebri.<\/p>\n<p>Nd\u00ebr t\u00eb tjera Malka \u00ebsht\u00eb shprehur se nuk do t\u00eb ndaloj\u00eb s\u00eb protestuari edhe pse n\u00eb rrug\u00eb e k\u00ebrc\u00ebnojn\u00eb patronazhist\u00ebt.<\/p>\n<p>\u201cNgrihet i gjith\u00eb shteti shqiptar n\u00eb Gjermani p\u00ebr t\u00eb par\u00eb komb\u00ebtaren, po k\u00ebtu kush ngeli n\u00eb Shqip\u00ebri kush e udh\u00ebheq k\u00ebt\u00eb vend. a e keni marr\u00eb vesh q\u00eb n\u00eb vendet e zhvilluara t\u00eb europ\u00ebs zihen diplomat\u00ebt kush di t\u00eb vij\u00eb ambasador k\u00ebtu te ne.<\/p>\n<p>Kemi hapur luft\u00eb t\u00eb madhe, b\u00ebhen cop\u00eb e \u00e7ik\u00eb pasi vijn\u00eb m\u00eb pantallona t\u00eb shkurtra dhe ikin me valixhe t\u00eb mbushur me para.<\/p>\n<p>\u00cbsht\u00eb nj\u00eb gj\u00eb e turpshme, por merita e k\u00ebsaj pune \u00ebsht\u00eb kryeministri i cili ja mbush has\u00ebt me para dhe m\u00eb pastaj thon\u00eb Mehdi Malka t\u00eb sistemoj un\u00eb ty.<\/p>\n<p>Ata me biciklet\u00eb duhet t\u00eb q\u00ebndrojn\u00eb kur thon\u00eb ej mos fol m\u00eb n\u00eb protest\u00eb ti, sespe nesh q\u00ebndron do ta njoh dhe do ta kap prap\u00eb n\u00eb rrug\u00eb\u201d, tha Malkaj.<\/p>\n","protected":false},"excerpt":{"rendered":"<p>Aktori i njohur, Mehdi Malkaj n\u00eb fjal\u00ebn e ti jn\u00eb Rrug\u00ebn e Shpres\u00ebs kund\u00ebr arrestimit politik t\u00eb liderit t\u00eb opozit\u00ebs \u00ebsht\u00eb shprehur se ambasador\u00ebt n\u00eb per\u00ebndim b\u00ebjn\u00eb sherr q\u00eb t\u00eb vijn\u00eb n\u00eb Shqip\u00ebri. Nd\u00ebr t\u00eb tjera Malka \u00ebsht\u00eb shprehur se nuk do t\u00eb ndaloj\u00eb s\u00eb protestuari edhe pse n\u00eb rrug\u00eb e k\u00ebrc\u00ebnojn\u00eb patronazhist\u00ebt. \u201cNgrihet i &hellip;<\/p>\n","protected":false},"author":4,"featured_media":30110,"comment_status":"closed","ping_status":"closed","sticky":false,"template":"","format":"standard","meta":{"footnotes":""},"categories":[37],"tags":[],"class_list":["post-82535","post","type-post","status-publish","format-standard","has-post-thumbnail","","category-politike"],"_links":{"self":[{"href":"https:\/\/rdnews.al\/index.php\/wp-json\/wp\/v2\/posts\/82535","targetHints":{"allow":["GET"]}}],"collection":[{"href":"https:\/\/rdnews.al\/index.php\/wp-json\/wp\/v2\/posts"}],"about":[{"href":"https:\/\/rdnews.al\/index.php\/wp-json\/wp\/v2\/types\/post"}],"author":[{"embeddable":true,"href":"https:\/\/rdnews.al\/index.php\/wp-json\/wp\/v2\/users\/4"}],"replies":[{"embeddable":true,"href":"https:\/\/rdnews.al\/index.php\/wp-json\/wp\/v2\/comments?post=82535"}],"version-history":[{"count":0,"href":"https:\/\/rdnews.al\/index.php\/wp-json\/wp\/v2\/posts\/82535\/revisions"}],"wp:featuredmedia":[{"embeddable":true,"href":"https:\/\/rdnews.al\/index.php\/wp-json\/wp\/v2\/media\/30110"}],"wp:attachment":[{"href":"https:\/\/rdnews.al\/index.php\/wp-json\/wp\/v2\/media?parent=82535"}],"wp:term":[{"taxonomy":"category","embeddable":true,"href":"https:\/\/rdnews.al\/index.php\/wp-json\/wp\/v2\/categories?post=82535"},{"taxonomy":"post_tag","embeddable":true,"href":"https:\/\/rdnews.al\/index.php\/wp-json\/wp\/v2\/tags?post=82535"}],"curies":[{"name":"wp","href":"https:\/\/api.w.org\/{rel}","templated":true}]}}