{"id":82594,"date":"2024-06-19T18:07:07","date_gmt":"2024-06-19T18:07:07","guid":{"rendered":"https:\/\/rdnews.al\/?p=82594"},"modified":"2024-06-19T18:07:07","modified_gmt":"2024-06-19T18:07:07","slug":"modric-i-trishtuar-ja-cfare-i-tha-asllani-pas-ndeshjes","status":"publish","type":"post","link":"https:\/\/rdnews.al\/index.php\/2024\/06\/19\/modric-i-trishtuar-ja-cfare-i-tha-asllani-pas-ndeshjes\/","title":{"rendered":"Modri\u00e7 i trishtuar, ja \u00e7far\u00eb i tha Asllani pas ndeshjes"},"content":{"rendered":"<p>Kroacia dhe Shqip\u00ebria u ndan\u00eb n\u00eb barazim 2-2 n\u00eb ndeshjen e dyt\u00eb t\u00eb grupit B n\u00eb Euro2024, nj\u00eb rezultat q\u00eb nuk favorizon asnj\u00eb nga komb\u00ebtaret, q\u00eb kan\u00eb mbledhur secila nga 1 pik\u00eb pas dy ndeshjesh t\u00eb luajtura.<\/p>\n<p>Kroat\u00ebt arrit\u00ebn t\u00eb p\u00ebrmbysin disavantazhin e nj\u00eb goli brenda 3 minutash kur realizuan dy gola t\u00eb shpejt\u00eb n\u00eb minutat 74 dhe 77 t\u00eb ndeshjes, por gjith\u00e7ka iu p\u00ebrmbys n\u00eb minut\u00ebn e 94 kur Gjasula realizoi golin e barazimit.<\/p>\n<p>Ndoshta askush nga kroat\u00ebt nuk e priste q\u00eb do t\u00eb dilnin vet\u00ebm me 1 pik\u00eb nga p\u00ebrballja me Shqip\u00ebrin\u00eb, aq m\u00eb tep\u00ebr kur ndeshja po shkonte drejt p\u00ebrfundimit.<\/p>\n<p>Dhe nga kroat\u00ebt ai q\u00eb e ka p\u00ebrjetuar ndoshta m\u00eb keq k\u00ebt\u00eb rezultat ishte Luka Modri\u00e7. Pas fishk\u00ebllim\u00ebs s\u00eb fundit 38-vje\u00e7ari u ul n\u00eb fush\u00eb, duke mb\u00ebshtetur duart mbi gjunj\u00eb dhe ishte pothuajse i p\u00ebrhumbur n\u00eb mendimet e tij.<\/p>\n<figure id=\"attachment_2457185\" class=\"wp-caption alignnone\" aria-describedby=\"caption-attachment-2457185\"><a href=\"https:\/\/www.balkanweb.com\/wp-content\/uploads\/2024\/06\/Capture1-25.jpg\" rel=\"lightbox noopener\" target=\"_blank\"><img loading=\"lazy\" decoding=\"async\" class=\"wp-image-2457185 size-full\" src=\"https:\/\/www.balkanweb.com\/wp-content\/uploads\/2024\/06\/Capture1-25.jpg\" sizes=\"auto, (max-width: 613px) 100vw, 613px\" srcset=\"https:\/\/www.balkanweb.com\/wp-content\/uploads\/2024\/06\/Capture1-25.jpg 613w, https:\/\/www.balkanweb.com\/wp-content\/uploads\/2024\/06\/Capture1-25-400x267.jpg 400w, https:\/\/www.balkanweb.com\/wp-content\/uploads\/2024\/06\/Capture1-25-525x350.jpg 525w, https:\/\/www.balkanweb.com\/wp-content\/uploads\/2024\/06\/Capture1-25-370x247.jpg 370w, https:\/\/www.balkanweb.com\/wp-content\/uploads\/2024\/06\/Capture1-25-113x75.jpg 113w\" alt=\"Capture1\" width=\"613\" height=\"409\" \/><\/a><\/figure>\n<p>N\u00eb k\u00ebt\u00eb moment kapitenit kroat i \u00ebsht\u00eb afruar Kristjan Asllani, i cili ka k\u00ebrkuar nd\u00ebrrimin e fanell\u00ebs.<\/p>\n<p>Por ndoshta nuk ka zgjedhur momentin m\u00eb t\u00eb mir\u00eb p\u00ebr k\u00ebt\u00eb. Modri\u00e7 ishte ende duke p\u00ebrtypur humbjen e dy pik\u00ebve n\u00eb limite dhe i dha sinjalin Asllanit se do t\u00eb nd\u00ebrronte fanellat n\u00eb dhom\u00ebn e zhveshjes.<\/p>\n<p>Shqiptari nuk e faj\u00ebsoi p\u00ebr k\u00ebt\u00eb, por i zgjati dor\u00ebn Modri\u00e7it dhe e ndihmoi t\u00eb ngrihej n\u00eb k\u00ebmb\u00eb.<\/p>\n","protected":false},"excerpt":{"rendered":"<p>Kroacia dhe Shqip\u00ebria u ndan\u00eb n\u00eb barazim 2-2 n\u00eb ndeshjen e dyt\u00eb t\u00eb grupit B n\u00eb Euro2024, nj\u00eb rezultat q\u00eb nuk favorizon asnj\u00eb nga komb\u00ebtaret, q\u00eb kan\u00eb mbledhur secila nga 1 pik\u00eb pas dy ndeshjesh t\u00eb luajtura. Kroat\u00ebt arrit\u00ebn t\u00eb p\u00ebrmbysin disavantazhin e nj\u00eb goli brenda 3 minutash kur realizuan dy gola t\u00eb shpejt\u00eb n\u00eb &hellip;<\/p>\n","protected":false},"author":4,"featured_media":82595,"comment_status":"closed","ping_status":"closed","sticky":false,"template":"","format":"standard","meta":{"footnotes":""},"categories":[39],"tags":[],"class_list":["post-82594","post","type-post","status-publish","format-standard","has-post-thumbnail","","category-sport"],"_links":{"self":[{"href":"https:\/\/rdnews.al\/index.php\/wp-json\/wp\/v2\/posts\/82594","targetHints":{"allow":["GET"]}}],"collection":[{"href":"https:\/\/rdnews.al\/index.php\/wp-json\/wp\/v2\/posts"}],"about":[{"href":"https:\/\/rdnews.al\/index.php\/wp-json\/wp\/v2\/types\/post"}],"author":[{"embeddable":true,"href":"https:\/\/rdnews.al\/index.php\/wp-json\/wp\/v2\/users\/4"}],"replies":[{"embeddable":true,"href":"https:\/\/rdnews.al\/index.php\/wp-json\/wp\/v2\/comments?post=82594"}],"version-history":[{"count":0,"href":"https:\/\/rdnews.al\/index.php\/wp-json\/wp\/v2\/posts\/82594\/revisions"}],"wp:featuredmedia":[{"embeddable":true,"href":"https:\/\/rdnews.al\/index.php\/wp-json\/wp\/v2\/media\/82595"}],"wp:attachment":[{"href":"https:\/\/rdnews.al\/index.php\/wp-json\/wp\/v2\/media?parent=82594"}],"wp:term":[{"taxonomy":"category","embeddable":true,"href":"https:\/\/rdnews.al\/index.php\/wp-json\/wp\/v2\/categories?post=82594"},{"taxonomy":"post_tag","embeddable":true,"href":"https:\/\/rdnews.al\/index.php\/wp-json\/wp\/v2\/tags?post=82594"}],"curies":[{"name":"wp","href":"https:\/\/api.w.org\/{rel}","templated":true}]}}