{"id":82597,"date":"2024-06-19T18:29:27","date_gmt":"2024-06-19T18:29:27","guid":{"rendered":"https:\/\/rdnews.al\/?p=82597"},"modified":"2024-06-19T18:29:27","modified_gmt":"2024-06-19T18:29:27","slug":"berisha-e-gjithe-rritja-e-popullates-ne-74-vite-u-fshi-nga-faqja-e-dheut-ne-8-vite-te-qeverisjes-se-edi-rames","status":"publish","type":"post","link":"https:\/\/rdnews.al\/index.php\/2024\/06\/19\/berisha-e-gjithe-rritja-e-popullates-ne-74-vite-u-fshi-nga-faqja-e-dheut-ne-8-vite-te-qeverisjes-se-edi-rames\/","title":{"rendered":"Berisha: E gjith\u00eb rritja e popullat\u00ebs n\u00eb 74 vite u fshi nga faqja e dheut n\u00eb 8 vite t\u00eb qeverisjes s\u00eb Edi Ram\u00ebs"},"content":{"rendered":"<p>Kreu i PD, Sali Berisha n\u00eb fjal\u00ebn e tij p\u00ebrpara demokrat\u00ebve dhe qytetar\u00ebve t\u00eb cil\u00ebt po protestojn\u00eb kund\u00ebr arrestimit politik t\u00eb tij \u00ebsht\u00eb shprehur se me k\u00ebt\u00eb politik\u00eb genocidale ndaj shqiptar\u00ebve, Edi Rama meriton \u00e7do nd\u00ebshkim m\u00eb t\u00eb r\u00ebndin penal dhe t\u00eb \u00e7do lloji.<\/p>\n<p>Nd\u00ebr t\u00eb tjera Berisha theksoi e drejtimi i Shqip\u00ebris\u00eb n\u00ebn drejtimin e Ram\u00ebs \u00ebsht\u00eb drejtimi i zhb\u00ebrjes s\u00eb shqiptar\u00ebve nga Shqip\u00ebria.<\/p>\n<p>\u201cT\u00eb dashur qytetar\u00eb dhe qytetare, q\u00ebndrestar\u00eb dhe q\u00ebndrestare, misionar\u00eb t\u00eb nj\u00eb kauze t\u00eb drejt\u00eb.<\/p>\n<p>Mir\u00ebnjohje m\u00eb t\u00eb pakufishme, nderimin m\u00eb t\u00eb madh para jush p\u00ebr q\u00ebndres\u00ebn tuaj t\u00eb pamposhtur n\u00eb mbrojtje t\u00eb interesit komb\u00ebtar, n\u00eb mbrojtje t\u00eb t\u00eb ardhmes s\u00eb kombit shqiptar dhe t\u00eb Shqip\u00ebris\u00eb q\u00eb po rr\u00ebnohet \u00e7do dit\u00eb n\u00eb kthetrat e pam\u00ebshir\u00eb t\u00eb nj\u00eb narkoshteti q\u00eb vjedh n\u00eb m\u00ebnyr\u00eb t\u00eb pap\u00ebrmbajtur dhe ndajn\u00eb me nj\u00ebri-tjetrin pasurit\u00eb publike t\u00eb k\u00ebtij vendi, ndajn\u00eb me familjet e tyre, kurse shqiptar\u00ebve u l\u00ebn\u00eb si alternativ\u00eb rrug\u00ebt e bot\u00ebs dhe largimin.<\/p>\n<p>T\u00eb dashur miq, p\u00ebr \u00e7do njeri q\u00eb e ndjen veten shqiptar, q\u00eb i thot\u00eb vetes shqiptar, pas lajmeve q\u00eb lidhen me at\u00eb, familjen, t\u00eb cilat urojn\u00eb t\u00eb jen\u00eb gjithnj\u00eb pozitive, nuk ka lajm m\u00eb t\u00eb hidhur p\u00ebr at\u00eb, nuk ka lajm m\u00eb t\u00eb hidhur p\u00ebr nj\u00eb gjenerat\u00eb t\u00eb t\u00ebr\u00eb se sa lajmi i rrokullisjes s\u00eb Shqip\u00ebris\u00eb n\u00eb honet e historis\u00eb, shpopullimit t\u00eb saj, zhb\u00ebrjes s\u00eb saj nga bijt\u00eb dhe bijat e vet.<\/p>\n<p>N\u00eb shekuj ne jemi gjenerata q\u00eb pat\u00ebm fatin tragjik n\u00eb raport me kombin t\u00eb shohim para syve tan\u00eb se si n\u00eb nj\u00eb hark kohor 8-vje\u00e7ar, vet\u00ebm n\u00eb hap\u00ebsir\u00ebn e BE u larguan rreth 1 milion shqiptar\u00eb dhe qindra mij\u00ebra t\u00eb tjer\u00eb p\u00ebr n\u00eb SHBA, Kanada dhe vende t\u00eb tjera t\u00eb bot\u00ebs.<\/p>\n<p>Me k\u00ebt\u00eb politik\u00eb genocidale ndaj shqiptar\u00ebve, Edi Rama meriton \u00e7do nd\u00ebshkim m\u00eb t\u00eb r\u00ebndin penal dhe t\u00eb \u00e7do lloji.<\/p>\n<p>Drejtimi i tij \u00ebsht\u00eb pra drejtimi i shp\u00ebrb\u00ebrjes s\u00eb kombit shqiptar.<\/p>\n<p>Drejtimi i Shqip\u00ebris\u00eb n\u00ebn drejtimin e tij \u00ebsht\u00eb drejtimi i zhb\u00ebrjes s\u00eb shqiptar\u00ebve nga Shqip\u00ebria.<\/p>\n<p>Qytetar\u00eb dhe qytetare, sot numri i shqiptar\u00ebve n\u00eb Shqip\u00ebri ka zbritur n\u00eb nivelet e 70-80 viteve m\u00eb par\u00eb.<\/p>\n<p>Por nivelet e 70-80 viteve ishin nivelet e pas nj\u00eb lufte, pas luft\u00ebs m\u00eb t\u00eb eg\u00ebr q\u00eb kishte njohur njer\u00ebzimi gjer at\u00ebher\u00eb.<\/p>\n<p>Kurse e gjith\u00eb rritja e popullat\u00ebs n\u00eb 74 vite u fshi nga faqja e dheut n\u00eb 8 vite t\u00eb\u00a0qeverisjes s\u00eb Edi Ram\u00ebs\u201d, tha Berisha.<\/p>\n","protected":false},"excerpt":{"rendered":"<p>Kreu i PD, Sali Berisha n\u00eb fjal\u00ebn e tij p\u00ebrpara demokrat\u00ebve dhe qytetar\u00ebve t\u00eb cil\u00ebt po protestojn\u00eb kund\u00ebr arrestimit politik t\u00eb tij \u00ebsht\u00eb shprehur se me k\u00ebt\u00eb politik\u00eb genocidale ndaj shqiptar\u00ebve, Edi Rama meriton \u00e7do nd\u00ebshkim m\u00eb t\u00eb r\u00ebndin penal dhe t\u00eb \u00e7do lloji. Nd\u00ebr t\u00eb tjera Berisha theksoi e drejtimi i Shqip\u00ebris\u00eb n\u00ebn drejtimin &hellip;<\/p>\n","protected":false},"author":4,"featured_media":82598,"comment_status":"closed","ping_status":"closed","sticky":false,"template":"","format":"standard","meta":{"footnotes":""},"categories":[37],"tags":[],"class_list":["post-82597","post","type-post","status-publish","format-standard","has-post-thumbnail","","category-politike"],"_links":{"self":[{"href":"https:\/\/rdnews.al\/index.php\/wp-json\/wp\/v2\/posts\/82597","targetHints":{"allow":["GET"]}}],"collection":[{"href":"https:\/\/rdnews.al\/index.php\/wp-json\/wp\/v2\/posts"}],"about":[{"href":"https:\/\/rdnews.al\/index.php\/wp-json\/wp\/v2\/types\/post"}],"author":[{"embeddable":true,"href":"https:\/\/rdnews.al\/index.php\/wp-json\/wp\/v2\/users\/4"}],"replies":[{"embeddable":true,"href":"https:\/\/rdnews.al\/index.php\/wp-json\/wp\/v2\/comments?post=82597"}],"version-history":[{"count":0,"href":"https:\/\/rdnews.al\/index.php\/wp-json\/wp\/v2\/posts\/82597\/revisions"}],"wp:featuredmedia":[{"embeddable":true,"href":"https:\/\/rdnews.al\/index.php\/wp-json\/wp\/v2\/media\/82598"}],"wp:attachment":[{"href":"https:\/\/rdnews.al\/index.php\/wp-json\/wp\/v2\/media?parent=82597"}],"wp:term":[{"taxonomy":"category","embeddable":true,"href":"https:\/\/rdnews.al\/index.php\/wp-json\/wp\/v2\/categories?post=82597"},{"taxonomy":"post_tag","embeddable":true,"href":"https:\/\/rdnews.al\/index.php\/wp-json\/wp\/v2\/tags?post=82597"}],"curies":[{"name":"wp","href":"https:\/\/api.w.org\/{rel}","templated":true}]}}