{"id":82600,"date":"2024-06-19T18:37:51","date_gmt":"2024-06-19T18:37:51","guid":{"rendered":"https:\/\/rdnews.al\/?p=82600"},"modified":"2024-06-19T18:37:51","modified_gmt":"2024-06-19T18:37:51","slug":"rezultatet-katastrofike-ne-testin-pisa-berisha-rama-e-shkaterroi-perfundimisht-sistemin-arsimor-ne-8-vite","status":"publish","type":"post","link":"https:\/\/rdnews.al\/index.php\/2024\/06\/19\/rezultatet-katastrofike-ne-testin-pisa-berisha-rama-e-shkaterroi-perfundimisht-sistemin-arsimor-ne-8-vite\/","title":{"rendered":"Rezultatet katastrofike n\u00eb testin PISA\/ Berisha: Rama e shkat\u00ebrroi p\u00ebrfundimisht sistemin arsimor n\u00eb 8 vite"},"content":{"rendered":"<p>Kryetari i Partis\u00eb Demokratike, Sali Berisha \u00ebsht\u00eb ndalur te rezultatet e shkollave shqiptare n\u00eb testin e PISA, t\u00eb cilat dol\u00ebn t\u00eb fundit n\u00eb rajon dhe Europ\u00eb.<\/p>\n<p>N\u00eb fjal\u00ebn e tij gjat\u00eb protest\u00ebs maraton\u00eb q\u00eb zhvillohet n\u00eb \u2018Rrug\u00ebn e Shpres\u00ebs\u2019, Berisha b\u00ebri p\u00ebrgjegj\u00ebs kryeministrin Edi Rama dhe e akuzoi se e shkat\u00ebrroi p\u00ebrfundimisht sistemin arsimor n\u00eb 8 vite.<\/p>\n<p>\u201cT\u00eb dashur miq, \u00e7do njeri q\u00eb i thot\u00eb vetes shqiptar, q\u00eb e ndjen veten sadopak t\u00eb detyruar ndaj k\u00ebsaj toke, t\u00eb tij dhe t\u00eb par\u00ebve t\u00eb tij, duhet t\u00eb ngrihet me gjith\u00eb forc\u00ebn p\u00ebr t\u2019i dal\u00eb zot Shqip\u00ebris\u00eb o sot o kurr\u00eb kund\u00ebr k\u00ebsaj bande.<\/p>\n<p>T\u00eb dashur miq, dy-tre dit\u00eb m\u00eb par\u00eb, Ministria e Antiarsimit dha shifr\u00ebn e maturant\u00ebve q\u00eb dhan\u00eb provimin k\u00ebt\u00eb vit.<\/p>\n<p>Ata ishin gjithsej 28 mij\u00eb n\u00eb mbar\u00eb Shqip\u00ebrin\u00eb, kundrejt 50 mij\u00eb maturant\u00ebve q\u00eb dhan\u00eb provimin n\u00eb vitin 2013.<\/p>\n<p>T\u00eb dashur miq, n\u00eb qoft\u00eb se popullata u pak\u00ebsua n\u00eb k\u00ebto 8-9 vite me mbi 35 p\u00ebrqind, maturant\u00ebt, t\u00eb rinjt\u00eb e k\u00ebtij vendi, u pak\u00ebsuan me 41 p\u00ebrqind.<\/p>\n<p>Dhe kjo shif\u00ebr \u00ebsht\u00eb e trisht\u00eb, kjo shif\u00ebr \u00ebsht\u00eb kombi drejt zhdukjes.<\/p>\n<p>Kjo shif\u00ebr \u00ebsht\u00eb nj\u00eb lemeri p\u00ebr \u00e7do patriot t\u00eb v\u00ebrtet\u00eb shqiptar.<\/p>\n<p>Sot, rekordet e zeza p\u00ebr k\u00ebt\u00eb vend nuk kan\u00eb t\u00eb ndalur, por duhet t\u2019u themi se nj\u00eb nga rekordet absolutisht m\u00eb t\u00eb zeza, nj\u00ebri nga rekordet m\u00eb keqndjell\u00ebse p\u00ebr k\u00ebt\u00eb komb ishte rezultati i publikuar nga OECD i testit PISA p\u00ebr mendimin krijues t\u00eb nx\u00ebn\u00ebsve 15-vje\u00e7ar\u00eb.<\/p>\n<p>8 vitet e zeza t\u00eb arsimit t\u00eb Edi Ram\u00ebs do t\u00eb regjistrohen n\u00eb memorien e koh\u00ebs si vitet e shkat\u00ebrrimit p\u00ebrfundimtar t\u00eb sistemit arsimor.<\/p>\n<p>Qytetare dhe qytetar\u00eb shqiptar\u00eb, rezultatet e testimit t\u00eb fuqis\u00eb krijuese t\u00eb mendimit t\u00eb f\u00ebmij\u00ebve tuaj, test ky kryesor p\u00ebr ndikimin e shkoll\u00ebs tek f\u00ebmij\u00ebt tuaj, m\u00eb kryesori, ku dalim ne, si\u00e7 e tha zonja m\u00ebsuese?<\/p>\n<p>Ne dalim n\u00eb vendin m\u00eb t\u00eb fundit t\u00eb testuar n\u00eb bot\u00eb.<\/p>\n<p>Ne zbresim nd\u00ebn t\u00eb gjitha vendet e Ballkanit.<\/p>\n<p>Ne jemi 17 pik\u00eb nd\u00ebn Kroacin\u00eb.<\/p>\n<p>Jemi 17 pik\u00eb nd\u00ebn Sllovenin\u00eb.<\/p>\n<p>Jemi 16 pik\u00eb nd\u00ebn Serbin\u00eb.<\/p>\n<p>Jemi 8 pik\u00eb nd\u00ebn Bullgarin\u00eb.<\/p>\n<p>Jemi 6 pik\u00eb nd\u00ebn Palestin\u00ebn n\u00eb luft\u00eb. Republik\u00ebn Domenikane. Edhe Filipinet, edhe Uzbekistani, \u00e7do vend tjet\u00ebr \u00ebsht\u00eb para nesh.<\/p>\n<p>Ne jemi aty ku e katandisi Shqip\u00ebrin\u00eb Edi Rama, n\u00eb vendin e fundit me gjithsej 13 pik\u00eb\u201d, tha Berisha.<\/p>\n","protected":false},"excerpt":{"rendered":"<p>Kryetari i Partis\u00eb Demokratike, Sali Berisha \u00ebsht\u00eb ndalur te rezultatet e shkollave shqiptare n\u00eb testin e PISA, t\u00eb cilat dol\u00ebn t\u00eb fundit n\u00eb rajon dhe Europ\u00eb. N\u00eb fjal\u00ebn e tij gjat\u00eb protest\u00ebs maraton\u00eb q\u00eb zhvillohet n\u00eb \u2018Rrug\u00ebn e Shpres\u00ebs\u2019, Berisha b\u00ebri p\u00ebrgjegj\u00ebs kryeministrin Edi Rama dhe e akuzoi se e shkat\u00ebrroi p\u00ebrfundimisht sistemin arsimor n\u00eb &hellip;<\/p>\n","protected":false},"author":4,"featured_media":82601,"comment_status":"closed","ping_status":"closed","sticky":false,"template":"","format":"standard","meta":{"footnotes":""},"categories":[37],"tags":[],"class_list":["post-82600","post","type-post","status-publish","format-standard","has-post-thumbnail","","category-politike"],"_links":{"self":[{"href":"https:\/\/rdnews.al\/index.php\/wp-json\/wp\/v2\/posts\/82600","targetHints":{"allow":["GET"]}}],"collection":[{"href":"https:\/\/rdnews.al\/index.php\/wp-json\/wp\/v2\/posts"}],"about":[{"href":"https:\/\/rdnews.al\/index.php\/wp-json\/wp\/v2\/types\/post"}],"author":[{"embeddable":true,"href":"https:\/\/rdnews.al\/index.php\/wp-json\/wp\/v2\/users\/4"}],"replies":[{"embeddable":true,"href":"https:\/\/rdnews.al\/index.php\/wp-json\/wp\/v2\/comments?post=82600"}],"version-history":[{"count":0,"href":"https:\/\/rdnews.al\/index.php\/wp-json\/wp\/v2\/posts\/82600\/revisions"}],"wp:featuredmedia":[{"embeddable":true,"href":"https:\/\/rdnews.al\/index.php\/wp-json\/wp\/v2\/media\/82601"}],"wp:attachment":[{"href":"https:\/\/rdnews.al\/index.php\/wp-json\/wp\/v2\/media?parent=82600"}],"wp:term":[{"taxonomy":"category","embeddable":true,"href":"https:\/\/rdnews.al\/index.php\/wp-json\/wp\/v2\/categories?post=82600"},{"taxonomy":"post_tag","embeddable":true,"href":"https:\/\/rdnews.al\/index.php\/wp-json\/wp\/v2\/tags?post=82600"}],"curies":[{"name":"wp","href":"https:\/\/api.w.org\/{rel}","templated":true}]}}