{"id":82606,"date":"2024-06-19T18:54:49","date_gmt":"2024-06-19T18:54:49","guid":{"rendered":"https:\/\/rdnews.al\/?p=82606"},"modified":"2024-06-19T18:54:49","modified_gmt":"2024-06-19T18:54:49","slug":"berisha-kreu-i-organizates-kriminale-qe-quhet-spak-parzmore-e-ketij-regjimi-qe-po-shperfytyron-nje-komb-te-tere","status":"publish","type":"post","link":"https:\/\/rdnews.al\/index.php\/2024\/06\/19\/berisha-kreu-i-organizates-kriminale-qe-quhet-spak-parzmore-e-ketij-regjimi-qe-po-shperfytyron-nje-komb-te-tere\/","title":{"rendered":"Berisha: Kreu i organizat\u00ebs kriminale q\u00eb quhet SPAK, parzmore e k\u00ebtij regjimi q\u00eb po shp\u00ebrfytyron nj\u00eb komb t\u00eb t\u00ebr\u00eb"},"content":{"rendered":"<p>Kryetari i PD, Sali Berisha ka akuzuar drejtuesin e SPAK, Altin Dumanit se \u00ebsht\u00eb kthyer n\u00eb parzmore t\u00eb regjimit t\u00eb Edi Ram\u00ebs.\u00a0Berisha tha se, kreu i organizat\u00ebs kriminale q\u00eb quhet SPAK \u00ebsht\u00eb b\u00ebr\u00eb parzmore e k\u00ebtij regjimi q\u00eb po shp\u00ebrfytyron nj\u00eb komb t\u00eb t\u00ebr\u00eb.<\/p>\n<p>\u201cA nuk jan\u00eb k\u00ebto tregues t\u00eb institucioneve m\u00eb serioze t\u00eb bot\u00ebs.<\/p>\n<p>Flasin se cili \u00ebsht\u00eb drejtimi i Shqip\u00ebris\u00eb: narkoshtet, injoranc\u00eb, krim, largim masiv nga Shqip\u00ebria.<\/p>\n<p>Prandaj dhe n\u00eb em\u00ebr tuaj ju b\u00ebj thirrje \u00e7do prindi, \u00e7do familjari t\u00eb f\u00ebmij\u00ebve tan\u00eb, t\u00eb ngrihemi p\u00ebr t\u2019u ndar\u00eb me k\u00ebt\u00eb regjim q\u00eb po shkat\u00ebrron gjith\u00e7ka n\u00eb k\u00ebt\u00eb komb me vjedhjet e tij.<\/p>\n<p>T\u00eb ngrihemi kund\u00ebr k\u00ebtij regjimi q\u00eb po shkelmon \u00e7do dit\u00eb mbi dinjitetin ton\u00eb.<\/p>\n<p>A e mor\u00ebt vesh sot apo jo? Mercenar Zamani, pas 5 vitesh hetimi, l\u00ebshoi mandat arresti p\u00ebr Klodian Zoton.<\/p>\n<p>A e kuptoni ju o miq se \u00e7far\u00eb delinkuent\u00ebsh jan\u00eb k\u00ebta? Jan\u00eb zhdukur gjer tani 200 milion\u00eb euro n\u00eb tre djeg\u00ebsa. K\u00ebta meritojn\u00eb \u00e7do nd\u00ebshkim.<\/p>\n<p>Qytetar\u00eb dhe qytetare, \u00e7do or\u00eb dhe \u00e7do dit\u00eb, Edi Rama me administrat\u00ebn, rrethin e tij familjar ju vjedh ju, ju posht\u00ebron, nuk pyet se ekzistoni.<\/p>\n<p>Por po k\u00ebshtu \u00e7do dit\u00eb, kreu i organizat\u00ebs kriminale q\u00eb quhet SPAK, kriminel\u00ebt e f\u00ebmij\u00ebve tan\u00eb, jan\u00eb b\u00ebr\u00eb parzmore e k\u00ebtij regjimi q\u00eb po shp\u00ebrfytyron nj\u00eb komb t\u00eb t\u00ebr\u00eb\u201d, tha Berisha.<\/p>\n","protected":false},"excerpt":{"rendered":"<p>Kryetari i PD, Sali Berisha ka akuzuar drejtuesin e SPAK, Altin Dumanit se \u00ebsht\u00eb kthyer n\u00eb parzmore t\u00eb regjimit t\u00eb Edi Ram\u00ebs.\u00a0Berisha tha se, kreu i organizat\u00ebs kriminale q\u00eb quhet SPAK \u00ebsht\u00eb b\u00ebr\u00eb parzmore e k\u00ebtij regjimi q\u00eb po shp\u00ebrfytyron nj\u00eb komb t\u00eb t\u00ebr\u00eb. \u201cA nuk jan\u00eb k\u00ebto tregues t\u00eb institucioneve m\u00eb serioze t\u00eb bot\u00ebs. &hellip;<\/p>\n","protected":false},"author":4,"featured_media":82598,"comment_status":"closed","ping_status":"closed","sticky":false,"template":"","format":"standard","meta":{"footnotes":""},"categories":[37],"tags":[],"class_list":["post-82606","post","type-post","status-publish","format-standard","has-post-thumbnail","","category-politike"],"_links":{"self":[{"href":"https:\/\/rdnews.al\/index.php\/wp-json\/wp\/v2\/posts\/82606","targetHints":{"allow":["GET"]}}],"collection":[{"href":"https:\/\/rdnews.al\/index.php\/wp-json\/wp\/v2\/posts"}],"about":[{"href":"https:\/\/rdnews.al\/index.php\/wp-json\/wp\/v2\/types\/post"}],"author":[{"embeddable":true,"href":"https:\/\/rdnews.al\/index.php\/wp-json\/wp\/v2\/users\/4"}],"replies":[{"embeddable":true,"href":"https:\/\/rdnews.al\/index.php\/wp-json\/wp\/v2\/comments?post=82606"}],"version-history":[{"count":0,"href":"https:\/\/rdnews.al\/index.php\/wp-json\/wp\/v2\/posts\/82606\/revisions"}],"wp:featuredmedia":[{"embeddable":true,"href":"https:\/\/rdnews.al\/index.php\/wp-json\/wp\/v2\/media\/82598"}],"wp:attachment":[{"href":"https:\/\/rdnews.al\/index.php\/wp-json\/wp\/v2\/media?parent=82606"}],"wp:term":[{"taxonomy":"category","embeddable":true,"href":"https:\/\/rdnews.al\/index.php\/wp-json\/wp\/v2\/categories?post=82606"},{"taxonomy":"post_tag","embeddable":true,"href":"https:\/\/rdnews.al\/index.php\/wp-json\/wp\/v2\/tags?post=82606"}],"curies":[{"name":"wp","href":"https:\/\/api.w.org\/{rel}","templated":true}]}}