{"id":82609,"date":"2024-06-19T18:59:51","date_gmt":"2024-06-19T18:59:51","guid":{"rendered":"https:\/\/rdnews.al\/?p=82609"},"modified":"2024-06-19T18:59:51","modified_gmt":"2024-06-19T18:59:51","slug":"berisha-qindra-drejtues-dhe-deputete-na-jane-bashkuar-pas-vendimit-te-gjykates","status":"publish","type":"post","link":"https:\/\/rdnews.al\/index.php\/2024\/06\/19\/berisha-qindra-drejtues-dhe-deputete-na-jane-bashkuar-pas-vendimit-te-gjykates\/","title":{"rendered":"Berisha: Qindra drejtues dhe deputet\u00eb na jan\u00eb bashkuar pas vendimit t\u00eb gjykat\u00ebs!"},"content":{"rendered":"<p>Kreu i PD, Sali Berisha u shpreh se qindra drejtues t\u00eb deg\u00ebve si dhe deputet\u00eb i jan\u00eb bashkuar Partis\u00eb Demokratike pas vendimit t\u00eb Gjykat\u00ebs s\u00eb Apelit p\u00ebr rikthimin e vul\u00ebs dhe logos n\u00eb selin\u00eb blu.<\/p>\n<p>\u2018Qindra drejtues dhe deputet\u00eb na jan\u00eb bashkuar pas vendimit t\u00eb gjykat\u00ebs! Misionin historik t\u00eb fitores, do e p\u00ebrmbushim s\u00eb bashku\u2019, tha Berisha n\u00eb tubimin qytetar q\u00eb zhvillohet p\u00ebr \u00e7do nat\u00eb posht\u00eb banes\u00ebs s\u00eb tij.<\/p>\n<p>\u201cT\u00eb dashur miq, gjat\u00eb k\u00ebtyre dit\u00ebve, me qindra e qindra an\u00ebtar\u00eb, drejtues lokal\u00eb, deputet\u00eb, pas vendimit t\u00eb gjykat\u00ebs jan\u00eb bashkuar me ne.<\/p>\n<p>I p\u00ebrsh\u00ebndes n\u00eb em\u00ebr tuaj n\u00eb m\u00ebnyr\u00eb t\u00eb p\u00ebrzem\u00ebrt.<\/p>\n<p>P\u00ebrs\u00ebri them at\u00eb q\u00eb deklarova para jush dit\u00eb m\u00eb par\u00eb, mir\u00eb se erdh\u00ebt n\u00eb sht\u00ebpin\u00eb tuaj.<\/p>\n<p>Betej\u00ebn e madhe e kemi p\u00ebrpara dhe at\u00eb betej\u00eb do ta fitojm\u00eb s\u00eb bashku, do ta b\u00ebjm\u00eb s\u00eb bashku,<\/p>\n<p>Misionin ton\u00eb historik t\u00eb p\u00ebrmbysjes s\u00eb diktatur\u00ebs s\u00eb re t\u00eb bazuar mbi krimin, drog\u00ebn dhe vjedhjen e shqiptar\u00ebve do ta p\u00ebrmbushim s\u00eb bashku.<\/p>\n<p>T\u00eb bashkuar n\u00eb diversitet.<\/p>\n<p>T\u00eb bashkuar n\u00eb t\u00eb v\u00ebrteta.<\/p>\n<p>T\u00eb bashkuar n\u00eb mision p\u00ebr shqiptar\u00ebt q\u00eb t\u00eb votojn\u00eb t\u00eb lir\u00eb.<\/p>\n<p>P\u00ebr fitoren e opozit\u00ebs, p\u00ebr fitoren e shqiptar\u00ebve.<\/p>\n<p>Rrofshi ju, rroft\u00eb Shqip\u00ebria.<\/p>\n<p>Fitore, fitore, fitore!\u201d, tha Berisha.<\/p>\n","protected":false},"excerpt":{"rendered":"<p>Kreu i PD, Sali Berisha u shpreh se qindra drejtues t\u00eb deg\u00ebve si dhe deputet\u00eb i jan\u00eb bashkuar Partis\u00eb Demokratike pas vendimit t\u00eb Gjykat\u00ebs s\u00eb Apelit p\u00ebr rikthimin e vul\u00ebs dhe logos n\u00eb selin\u00eb blu. \u2018Qindra drejtues dhe deputet\u00eb na jan\u00eb bashkuar pas vendimit t\u00eb gjykat\u00ebs! Misionin historik t\u00eb fitores, do e p\u00ebrmbushim s\u00eb bashku\u2019, &hellip;<\/p>\n","protected":false},"author":4,"featured_media":82610,"comment_status":"closed","ping_status":"closed","sticky":false,"template":"","format":"standard","meta":{"footnotes":""},"categories":[37],"tags":[],"class_list":["post-82609","post","type-post","status-publish","format-standard","has-post-thumbnail","","category-politike"],"_links":{"self":[{"href":"https:\/\/rdnews.al\/index.php\/wp-json\/wp\/v2\/posts\/82609","targetHints":{"allow":["GET"]}}],"collection":[{"href":"https:\/\/rdnews.al\/index.php\/wp-json\/wp\/v2\/posts"}],"about":[{"href":"https:\/\/rdnews.al\/index.php\/wp-json\/wp\/v2\/types\/post"}],"author":[{"embeddable":true,"href":"https:\/\/rdnews.al\/index.php\/wp-json\/wp\/v2\/users\/4"}],"replies":[{"embeddable":true,"href":"https:\/\/rdnews.al\/index.php\/wp-json\/wp\/v2\/comments?post=82609"}],"version-history":[{"count":0,"href":"https:\/\/rdnews.al\/index.php\/wp-json\/wp\/v2\/posts\/82609\/revisions"}],"wp:featuredmedia":[{"embeddable":true,"href":"https:\/\/rdnews.al\/index.php\/wp-json\/wp\/v2\/media\/82610"}],"wp:attachment":[{"href":"https:\/\/rdnews.al\/index.php\/wp-json\/wp\/v2\/media?parent=82609"}],"wp:term":[{"taxonomy":"category","embeddable":true,"href":"https:\/\/rdnews.al\/index.php\/wp-json\/wp\/v2\/categories?post=82609"},{"taxonomy":"post_tag","embeddable":true,"href":"https:\/\/rdnews.al\/index.php\/wp-json\/wp\/v2\/tags?post=82609"}],"curies":[{"name":"wp","href":"https:\/\/api.w.org\/{rel}","templated":true}]}}