{"id":82614,"date":"2024-06-19T21:06:12","date_gmt":"2024-06-19T21:06:12","guid":{"rendered":"https:\/\/rdnews.al\/?p=82614"},"modified":"2024-06-19T21:06:12","modified_gmt":"2024-06-19T21:06:12","slug":"bardhi-tregon-si-u-perdor-basha-kunder-berishes","status":"publish","type":"post","link":"https:\/\/rdnews.al\/index.php\/2024\/06\/19\/bardhi-tregon-si-u-perdor-basha-kunder-berishes\/","title":{"rendered":"Bardhi tregon si u p\u00ebrdor Basha kund\u00ebr Berish\u00ebs"},"content":{"rendered":"<p>N\u00ebnkryetari i Partis\u00eb Demokratike, Gazment Bardhi ka sqaruar pozicionin e demokrat\u00ebve n\u00eb lidhje me vendimin e nd\u00ebrkomb\u00ebtar\u00ebve p\u00ebr dizenjimin e liderit t\u00eb opozit\u00ebs, Sali Berisha.<\/p>\n<p>I ftuar n\u00eb \u2018Ora e Betit\u2019, Bardhi theksoi se \u00ebsht\u00eb e nj\u00ebjta situat\u00eb n\u00eb PD-s\u00eb si n\u00eb vitin 2019-t\u00eb, kur Lulzim Basha nuk udh\u00ebtonte dot n\u00eb SHBA, deri sa sulmoi Berish\u00ebn, duke e shpallur t\u00eb larguar nga partia.<\/p>\n<p>\u201cNuk \u00ebsht\u00eb hera e par\u00eb kur PD-ja vihet n\u00eb konflikt t\u00eb hapur me partner\u00ebt nd\u00ebrkomb\u00ebtar\u00eb. Ne kemi pasur nj\u00eb betej\u00eb me ta edhe n\u00eb koh\u00ebn kur miratohej reforma n\u00eb drejt\u00ebsi.<\/p>\n<p>Dhe besoj se ende ishte nj\u00eb betej\u00eb e drejt\u00eb q\u00eb Lulzim Basha e ka b\u00ebr\u00eb n\u00eb at\u00eb koh\u00eb, pasi n\u00ebse nuk do ta kishim b\u00ebr\u00eb sot drejt\u00ebsia e gjitha do t\u00eb ishte n\u00eb dor\u00ebn e Edi Ram\u00ebs. Dhe ishte Komisioni i Venecias q\u00eb na dha t\u00eb drejt\u00eb neve.<\/p>\n<p>N\u00eb vitin 2020 PD-ja ka pasur n\u00ebn hetim kryetarin e saj p\u00ebr pastrim parash. Nj\u00eb vep\u00ebr q\u00eb d\u00ebnohet 3 her\u00eb m\u00eb shum\u00eb. Asgj\u00eb nuk po ndodh pra. Z. Basha pas djegies s\u00eb mandateve deri kur shpalli t\u00eb larguar z. Berisha nga partia ka qen\u00eb nj\u00eb person q\u00eb nuk udh\u00ebtonte dot n\u00eb SHBA. Pra \u00ebsht\u00eb e nj\u00ebjta situate\u201d, tha Bardhi.<\/p>\n","protected":false},"excerpt":{"rendered":"<p>N\u00ebnkryetari i Partis\u00eb Demokratike, Gazment Bardhi ka sqaruar pozicionin e demokrat\u00ebve n\u00eb lidhje me vendimin e nd\u00ebrkomb\u00ebtar\u00ebve p\u00ebr dizenjimin e liderit t\u00eb opozit\u00ebs, Sali Berisha. I ftuar n\u00eb \u2018Ora e Betit\u2019, Bardhi theksoi se \u00ebsht\u00eb e nj\u00ebjta situat\u00eb n\u00eb PD-s\u00eb si n\u00eb vitin 2019-t\u00eb, kur Lulzim Basha nuk udh\u00ebtonte dot n\u00eb SHBA, deri sa sulmoi &hellip;<\/p>\n","protected":false},"author":4,"featured_media":82548,"comment_status":"closed","ping_status":"closed","sticky":false,"template":"","format":"standard","meta":{"footnotes":""},"categories":[37],"tags":[],"class_list":["post-82614","post","type-post","status-publish","format-standard","has-post-thumbnail","","category-politike"],"_links":{"self":[{"href":"https:\/\/rdnews.al\/index.php\/wp-json\/wp\/v2\/posts\/82614","targetHints":{"allow":["GET"]}}],"collection":[{"href":"https:\/\/rdnews.al\/index.php\/wp-json\/wp\/v2\/posts"}],"about":[{"href":"https:\/\/rdnews.al\/index.php\/wp-json\/wp\/v2\/types\/post"}],"author":[{"embeddable":true,"href":"https:\/\/rdnews.al\/index.php\/wp-json\/wp\/v2\/users\/4"}],"replies":[{"embeddable":true,"href":"https:\/\/rdnews.al\/index.php\/wp-json\/wp\/v2\/comments?post=82614"}],"version-history":[{"count":0,"href":"https:\/\/rdnews.al\/index.php\/wp-json\/wp\/v2\/posts\/82614\/revisions"}],"wp:featuredmedia":[{"embeddable":true,"href":"https:\/\/rdnews.al\/index.php\/wp-json\/wp\/v2\/media\/82548"}],"wp:attachment":[{"href":"https:\/\/rdnews.al\/index.php\/wp-json\/wp\/v2\/media?parent=82614"}],"wp:term":[{"taxonomy":"category","embeddable":true,"href":"https:\/\/rdnews.al\/index.php\/wp-json\/wp\/v2\/categories?post=82614"},{"taxonomy":"post_tag","embeddable":true,"href":"https:\/\/rdnews.al\/index.php\/wp-json\/wp\/v2\/tags?post=82614"}],"curies":[{"name":"wp","href":"https:\/\/api.w.org\/{rel}","templated":true}]}}