{"id":82616,"date":"2024-06-19T21:09:39","date_gmt":"2024-06-19T21:09:39","guid":{"rendered":"https:\/\/rdnews.al\/?p=82616"},"modified":"2024-06-19T21:09:39","modified_gmt":"2024-06-19T21:09:39","slug":"begaj-dhe-balla-sajojne-vizita-shteterore-ne-gjermani-dy-bileta-per-hamburg","status":"publish","type":"post","link":"https:\/\/rdnews.al\/index.php\/2024\/06\/19\/begaj-dhe-balla-sajojne-vizita-shteterore-ne-gjermani-dy-bileta-per-hamburg\/","title":{"rendered":"Begaj dhe Balla sajojn\u00eb vizita shtet\u00ebrore n\u00eb Gjermani, dy bileta p\u00ebr Hamburg"},"content":{"rendered":"<div id=\"rekl-49\">Golat e komb\u00ebtares k\u00ebt\u00eb europian n\u00eb Gjermani jan\u00eb nga ato ngjarje q\u00eb kur t\u00eb kujtohen pas disa vitesh, do t\u00eb tregohen me mburrje prej atyre q\u00eb ishin n\u00eb stadium kur Bajrami sh\u00ebnoi golin e 23 sekondave me Italin\u00eb, apo kur Qazim La\u00e7i na kaloi n\u00eb avantazh me Kroacin\u00eb.<\/div>\n<div class=\"readmore-text-here\">\n<p>Mes k\u00ebtyre, e sigurt\u00eb \u00ebsht\u00eb q\u00eb do t\u00eb ket\u00eb shum\u00eb politikan\u00eb. N\u00ebse dikujt i duhet t\u00eb takoj\u00eb deputet\u00eb, ministra, kryetar\u00eb t\u00eb bashkive, drejtor\u00eb, kryetar\u00eb t\u00eb institucioneve t\u00eb pavarura dhe lloj lloj kategorie tjet\u00ebr shefash t\u00eb administrat\u00ebs shtet\u00ebrore e ka m\u00eb t\u00eb leht\u00eb t\u2019i gjej\u00eb rrug\u00ebve t\u00eb Gjermanis\u00eb se n\u00ebp\u00ebr zyrat e tyre t\u00eb pun\u00ebs.<\/p>\n<p>Seanca e fundit parlamentare u zhvendos sepse interferonte me ndeshjen kund\u00ebr Italis\u00eb. Deputet\u00ebt kishin prer\u00eb biletat e avion\u00ebve dhe prenotuar hotelet n\u00eb Gjermani. Nuk mund t\u00eb ishin n\u00eb dy vende nj\u00ebkoh\u00ebsisht.<\/p>\n<p>Q\u00eb nga 13 qershori, komisionet parlamentare nuk mblidhen m\u00eb.<\/p>\n<p>I vetmi q\u00eb \u00ebsht\u00eb ankuar p\u00ebr k\u00ebt\u00eb braktisje masive t\u00eb pun\u00ebs n\u00eb parlament ishte Gazment Bardhi, kreu i grupit parlamentar t\u00eb PD-s\u00eb.<\/p>\n<p>Por ankesat e tij ran\u00eb n\u00eb vesh t\u00eb shurdh\u00ebr. N\u00eb ndeshjen me Italin\u00eb, n\u00eb tribun\u00ebn VIP kishte edhe deputet\u00eb t\u00eb opozit\u00ebs, fare pran\u00eb vendit ku ishte kryeministrit Edi Rama me familjen.<\/p>\n<p><img decoding=\"async\" src=\"https:\/\/www.syri.net\/uploads\/syri.net\/images\/2024\/June\/19\/auto_WhatsApp-Image-2024-06-19-at-18.28.04_c50b128c1718828193.jpg\" alt=\"Image\" \/><\/p>\n<p>Ndryshe nga \u00e7\u2019b\u00ebn zakonisht, Edi Rama u tregua i kujdessh\u00ebm p\u00ebr udh\u00ebtimin drejt Gjermanis\u00eb. N\u00eb rrjetet sociale u publikuan pamje q\u00eb tregonin se Rama shkoi n\u00eb Gjermani me avionin e AIR ALBANIA t\u00eb paguar nga Federata Shqiptare e Futbollit. Pas ndeshjes s\u00eb par\u00eb, u kthye n\u00eb Tiran\u00eb.<\/p>\n<p>Shum\u00eb pran\u00eb Ram\u00ebs, n\u00eb tribun\u00eb, ishte Ministri i Brendsh\u00ebm, Taulant Balla, i vetmi nga qeveria q\u00eb gjendej n\u00eb tribun\u00ebn VIP at\u00eb dit\u00eb.<\/p>\n<p>Filmimet m\u00eb posht\u00eb jan\u00eb publikuar n\u00eb rrjetet sociale nga Balla dhe tregojn\u00eb se ai ishte ulur n\u00eb krahun e djatht\u00eb t\u00eb kryeministrit.\u00a0Video m\u00eb posht\u00eb:<\/p>\n<p><iframe loading=\"lazy\" src=\"https:\/\/www.facebook.com\/plugins\/video.php?height=314&amp;href=https%3A%2F%2Fwww.facebook.com%2Fb.taulant%2Fvideos%2F375154232240826%2F&amp;show_text=false&amp;width=560&amp;t=0\" width=\"560\" height=\"314\" frameborder=\"0\" scrolling=\"no\" allowfullscreen=\"allowfullscreen\" data-mce-fragment=\"1\"><\/iframe><\/p>\n<p>D\u00ebshira e Ball\u00ebs p\u00ebr t\u2019i njohur nga af\u00ebr lojtar\u00ebt e komb\u00ebtares ka r\u00ebn\u00eb n\u00eb sy nga videot dhe fotot q\u00eb ai publikon n\u00eb rrjetet sociale. P\u00ebr t\u2019i takuar dhe filmuar pak sekonda, me gjas\u00eb Ball\u00ebs i duhet t\u00eb sorollatet n\u00ebp\u00ebr korridoret e stadiumeve q\u00eb t\u00eb siguroj\u00eb ndonj\u00eb p\u00ebrsh\u00ebndetje me ta n\u00eb kamera.<\/p>\n<p>Kjo sjellje, prej adoleshenti t\u00eb vet\u00ebk\u00ebnaqur nga privilegjet e pushtetit, e ka b\u00ebr\u00eb Ball\u00ebn t\u00eb k\u00ebrkoj\u00eb nj\u00eb pretekst p\u00ebr t\u2019u kthyer n\u00eb Gjermani dhe p\u00ebr t\u00eb par\u00eb ndeshjen e dyt\u00eb t\u00eb komb\u00ebtares, at\u00eb me Kroacin\u00eb.<\/p>\n<p>P\u00ebr k\u00ebt\u00eb i \u00ebsht\u00eb dashur t\u00eb sajoj\u00eb nj\u00eb takim me Ministren e Brendshme t\u00eb Gjermanis\u00eb, Nansy Faesser.<\/p>\n<p>N\u00eb njoftimin q\u00eb ka shp\u00ebrndar\u00eb p\u00ebr mediat, zyra e shtypit e Ball\u00ebs nuk jep nj\u00eb arsye konkrete p\u00ebr takimin.<\/p>\n<p>Aty thuhet mes t\u00eb tjerash se Taulant Balla i shprehu\u00a0\u201cmir\u00ebnjohje Qeveris\u00eb dhe Policis\u00eb Federale p\u00ebr mb\u00ebshtetjen e ofruar policis\u00eb kriminale dhe forcave RENEA. Fal\u00eb mb\u00ebshtetjes s\u00eb vyer gjermane Policia e Shtetit do t\u00eb ket\u00eb nj\u00eb sh\u00ebrbim modern dhe t\u00eb sigurt\u00eb komunikimi t\u00eb brendsh\u00ebm\u201d.<\/p>\n<p>Video m\u00eb posht\u00eb:<\/p>\n<p><iframe loading=\"lazy\" src=\"https:\/\/www.facebook.com\/plugins\/video.php?href=https%3A%2F%2Fwww.facebook.com%2Fb.taulant%2Fvideos%2F768773592120457%2F%3Fref%3Dembed_video&amp;show_text=0&amp;width=560\" width=\"560\" height=\"315\" frameborder=\"0\" scrolling=\"no\" allowfullscreen=\"allowfullscreen\" data-mce-fragment=\"1\"><\/iframe><\/p>\n<p>Kuptohet se takimi ka qen\u00eb nj\u00eb sajes\u00eb, nj\u00eb pretekst. Si mund ta justifikonte ndryshe udh\u00ebtimin e tij n\u00eb Hamburg Taulant Balla?<\/p>\n<p>Dit\u00ebn e sotme ai ishte v\u00ebrtet n\u00eb stadium, madje n\u00eb tribun\u00ebn VIP p\u00ebr t\u00eb shijuar emocionet e golave t\u00eb Qazim La\u00e7it dhe Klaus Gjasul\u00ebs. Pran\u00eb tij ishte edhe presidenti i republik\u00ebs, Bajram Begaj. Foto m\u00eb posht\u00eb:<\/p>\n<p><img decoding=\"async\" src=\"https:\/\/www.syri.net\/uploads\/syri.net\/images\/2024\/June\/19\/auto_WhatsApp-Image-2024-06-19-at-15.53.36_4cc77f751718828272.jpg\" alt=\"Image\" \/><\/p>\n<p>Bajram Begaj\u00a0nuk ishte vet\u00ebm. N\u00eb shkall\u00ebt e stadiumit, ai kishte marr\u00eb edhe bashk\u00ebshorten dhe dy djemt\u00eb e tij p\u00ebr t\u00eb par\u00eb ndeshjen.<\/p>\n<p>Fotot m\u00eb posht\u00eb:<\/p>\n<p><img decoding=\"async\" src=\"https:\/\/www.syri.net\/uploads\/syri.net\/images\/2024\/June\/19\/auto_WhatsApp-Image-2024-06-19-at-15.53.36_eabd02131718828292.jpg\" alt=\"Image\" \/><\/p>\n<p>D\u00ebshira p\u00ebr t\u00eb ndjekur komb\u00ebtaren k\u00ebto dit\u00eb \u00ebsht\u00eb normale p\u00ebr \u00e7do shqiptar, por udh\u00ebtimi i Bajram Begajt dhe i Taulant Ball\u00ebs dallon nga udh\u00ebtimet e ministrave apo deputet\u00ebve t\u00eb tjer\u00eb.<\/p>\n<p>Ndryshe nga ata, q\u00eb kan\u00eb l\u00ebn\u00eb pun\u00ebn, por kan\u00eb udh\u00ebtuar me shpenzimet e tyre drejt Gjermanis\u00eb, Begaj dhe Balla kan\u00eb shpikur arsye shtet\u00ebrore p\u00ebr t\u2019u futur n\u00eb stadium. Dhe p\u00ebr k\u00ebt\u00eb shpikin tema t\u00eb tilla, si lufta kund\u00ebr krimit, integrimi n\u00eb BE etj, gjoja p\u00ebr t\u00eb justifikuar vizitat.<\/p>\n<p>Madje n\u00eb njoftimin e presidenc\u00ebs shqiptare njoftohet se Bajram Begaj udh\u00ebtoi drejt Gjermanis\u00eb sepse e kishte ftuar presidenti Frank-Walter Steinmeier.<\/p>\n<p>\u201cN\u00eb fokus t\u00eb takimit mes Presidentit Begaj dhe homologut Steinmeier do t\u00eb jen\u00eb marr\u00ebdh\u00ebniet dypal\u00ebshe, procesi i integrimit t\u00eb Shqip\u00ebris\u00eb n\u00eb BE, zhvillimet n\u00eb Ballkan, procesi i Berlinit q\u00eb nxit afrimin e rajonit me BE-n\u00eb, si edhe \u00e7\u00ebshtje t\u00eb tjera t\u00eb r\u00ebnd\u00ebsishme nd\u00ebrkomb\u00ebtare p\u00ebr sa i p\u00ebrket mbrojtjes dhe siguris\u00eb\u201d\u00a0thot\u00eb zyra e presidenc\u00ebs.<\/p>\n<p>Kuptohet se e gjitha \u00ebsht\u00eb nj\u00eb tallje me protokollin shtet\u00ebror. N\u00eb njoftimin e plot\u00eb t\u00eb presidenc\u00ebs nuk gjen asnj\u00eb arsye t\u00eb qen\u00ebsishme se p\u00ebrse Presidenti i Republik\u00ebs Bajram Begaj duhet t\u00eb udh\u00ebtonte p\u00ebr n\u00eb Gjermani.<\/p>\n<p>Vizita \u00ebsht\u00eb nj\u00eb sajes\u00eb n\u00eb m\u00ebnyr\u00eb q\u00eb presidenti t\u00eb shkoj\u00eb n\u00eb stadium p\u00ebr t\u00eb par\u00eb ndeshjen mes Shqip\u00ebris\u00eb dhe Kroacis\u00eb me familjen e tij.<\/p>\n<p><img decoding=\"async\" src=\"https:\/\/www.syri.net\/uploads\/syri.net\/images\/2024\/June\/19\/auto_WhatsApp-Image-2024-06-19-at-15.53.37_73116a091718828316.jpg\" alt=\"Image\" \/><\/p>\n<p>Si p\u00ebr t\u00eb mos mjaftuar ky banalitet, Taulant Balla ka hyr\u00eb si pyk\u00eb n\u00eb mes t\u00eb delegacionit t\u00eb presidenc\u00ebs gjat\u00eb takimit q\u00eb \u00ebsht\u00eb zhvilluar mes dy krer\u00ebve t\u00eb shteteve. Balla i \u00ebsht\u00eb bashkangjitur delegacionit t\u00eb Begajt\u00a0n\u00eb vizit\u00ebn zyrtare n\u00eb presidenc\u00ebn gjermane si\u00e7 shihet nga pamjet e m\u00ebposhtme.<\/p>\n<p><iframe loading=\"lazy\" src=\"https:\/\/www.facebook.com\/plugins\/video.php?href=https%3A%2F%2Fwww.facebook.com%2Fb.taulant%2Fvideos%2F982226756554283%2F%3Fref%3Dembed_video&amp;show_text=0&amp;width=560\" width=\"560\" height=\"315\" frameborder=\"0\" scrolling=\"no\" allowfullscreen=\"allowfullscreen\" data-mce-fragment=\"1\"><\/iframe><\/p>\n<p>N\u00eb pak minuta t\u00eb videos shihet Ministri i Brendsh\u00ebm q\u00eb b\u00ebn nj\u00eb dor\u00eb gallat\u00eb n\u00eb takim, sepse n\u00eb fund t\u00eb fundit nuk ka asnj\u00eb arsye t\u00eb qart\u00eb se pse gjendet aty.<\/p>\n<p>Shpenzimet p\u00ebr t\u00eb par\u00eb ndeshjen Kroaci-Shqip\u00ebri n\u00eb Hamburg jan\u00eb nj\u00eb pik\u00eb n\u00eb oqeanin e abuzimeve q\u00eb b\u00ebhet me resurset e buxhetit t\u00eb shtetit. Edhe shfryt\u00ebzimi i privilegjeve q\u00eb ofron pushteti \u00ebsht\u00eb nj\u00eb fenomen i zakonsh\u00ebm, q\u00eb nuk habit ask\u00ebnd n\u00eb Shqip\u00ebri. Por n\u00eb rastin e Ball\u00ebs dhe Begajt, risia q\u00ebndron n\u00eb sjelljen e tyre prej shtetar\u00ebsh karagjoz\u00eb q\u00eb shfaqen edhe m\u00eb qesharak\u00eb kur p\u00ebrfaq\u00ebsojn\u00eb vendin ton\u00eb.\/\u00a0Lapsi.al\/<\/p>\n<\/div>\n","protected":false},"excerpt":{"rendered":"<p>Golat e komb\u00ebtares k\u00ebt\u00eb europian n\u00eb Gjermani jan\u00eb nga ato ngjarje q\u00eb kur t\u00eb kujtohen pas disa vitesh, do t\u00eb tregohen me mburrje prej atyre q\u00eb ishin n\u00eb stadium kur Bajrami sh\u00ebnoi golin e 23 sekondave me Italin\u00eb, apo kur Qazim La\u00e7i na kaloi n\u00eb avantazh me Kroacin\u00eb. Mes k\u00ebtyre, e sigurt\u00eb \u00ebsht\u00eb q\u00eb do &hellip;<\/p>\n","protected":false},"author":4,"featured_media":82617,"comment_status":"closed","ping_status":"closed","sticky":false,"template":"","format":"standard","meta":{"footnotes":""},"categories":[37],"tags":[],"class_list":["post-82616","post","type-post","status-publish","format-standard","has-post-thumbnail","","category-politike"],"_links":{"self":[{"href":"https:\/\/rdnews.al\/index.php\/wp-json\/wp\/v2\/posts\/82616","targetHints":{"allow":["GET"]}}],"collection":[{"href":"https:\/\/rdnews.al\/index.php\/wp-json\/wp\/v2\/posts"}],"about":[{"href":"https:\/\/rdnews.al\/index.php\/wp-json\/wp\/v2\/types\/post"}],"author":[{"embeddable":true,"href":"https:\/\/rdnews.al\/index.php\/wp-json\/wp\/v2\/users\/4"}],"replies":[{"embeddable":true,"href":"https:\/\/rdnews.al\/index.php\/wp-json\/wp\/v2\/comments?post=82616"}],"version-history":[{"count":0,"href":"https:\/\/rdnews.al\/index.php\/wp-json\/wp\/v2\/posts\/82616\/revisions"}],"wp:featuredmedia":[{"embeddable":true,"href":"https:\/\/rdnews.al\/index.php\/wp-json\/wp\/v2\/media\/82617"}],"wp:attachment":[{"href":"https:\/\/rdnews.al\/index.php\/wp-json\/wp\/v2\/media?parent=82616"}],"wp:term":[{"taxonomy":"category","embeddable":true,"href":"https:\/\/rdnews.al\/index.php\/wp-json\/wp\/v2\/categories?post=82616"},{"taxonomy":"post_tag","embeddable":true,"href":"https:\/\/rdnews.al\/index.php\/wp-json\/wp\/v2\/tags?post=82616"}],"curies":[{"name":"wp","href":"https:\/\/api.w.org\/{rel}","templated":true}]}}