{"id":82619,"date":"2024-06-20T08:14:12","date_gmt":"2024-06-20T08:14:12","guid":{"rendered":"https:\/\/rdnews.al\/?p=82619"},"modified":"2024-06-20T08:14:12","modified_gmt":"2024-06-20T08:14:12","slug":"dhomat-dhe-bizneset-e-huaja-kunder-qeverise-rama-kerkojne-dhe-ndihmen-e-ambasadave","status":"publish","type":"post","link":"https:\/\/rdnews.al\/index.php\/2024\/06\/20\/dhomat-dhe-bizneset-e-huaja-kunder-qeverise-rama-kerkojne-dhe-ndihmen-e-ambasadave\/","title":{"rendered":"Dhomat dhe bizneset e huaja kund\u00ebr qeveris\u00eb Rama, k\u00ebrkojn\u00eb dhe ndihm\u00ebn e ambasadave"},"content":{"rendered":"<p>Pjesa m\u00eb e madhe e Dhomave dhe shoqatave t\u00eb biznesit, kryesisht t\u00eb atyre q\u00eb p\u00ebrfaq\u00ebsojn\u00eb bizneset e huaja, kan\u00eb p\u00ebrshkall\u00ebzuar ankesat dhe reagimin ndaj qeveris\u00eb p\u00ebr projektligjin \u201cP\u00ebr Dhom\u00ebn Ekonomike Komb\u00ebtare\u201d, q\u00eb parashikon an\u00ebtar\u00ebsimin me detyrim t\u00eb t\u00eb gjith\u00eb bizneseve n\u00eb nj\u00eb Dhom\u00eb Ekonomike Komb\u00ebtare.<\/p>\n<div class=\"jeg_ad jeg_ad_article jnews_content_inline_2_ads  \">\n<div class=\"ads-wrapper align-center \">\n<div class=\"ads_code\">N\u00eb nj\u00eb shkres\u00eb t\u00eb fundit drejtuar kryeministrit Edi Rama, 17 dhoma dhe shoqata biznesi, pjesa m\u00eb e madhe e t\u00eb cilave p\u00ebrfaq\u00ebsojn\u00eb investitor\u00ebt e huaj kan\u00eb shprehur shqet\u00ebsimin se projektligji \u00ebsht\u00eb publikuar p\u00ebr konsultim publik, pa marr\u00eb n\u00eb konsiderat\u00eb komentet e tyre t\u00eb m\u00ebparshme. M\u00eb her\u00ebt shoqatat e biznesit i ishin drejtuar me nj\u00eb let\u00ebr Ministrit t\u00eb Shtetit p\u00ebr Mbrojtjen e Sip\u00ebrmarrjes, Delina Ibrahimaj, duke kund\u00ebrshtuar an\u00ebtar\u00ebsimin me detyrim n\u00eb nj\u00eb dhom\u00eb ekonomike komb\u00ebtare.<\/div>\n<\/div>\n<\/div>\n<p>Dhomat e Tregtis\u00eb dhe Shoqatat, n\u00eb shkres\u00ebn e fundit, pohojn\u00eb se pas letr\u00ebs s\u00eb p\u00ebrbashk\u00ebt t\u00eb shoqatave t\u00eb biznesit, q\u00eb iu d\u00ebrgua n\u00eb dat\u00ebn 11 prill 2024, Ministres s\u00eb Sip\u00ebrmarrjes dhe Klim\u00ebs s\u00eb Biznesit, konstatojn\u00eb me shum\u00eb shqet\u00ebsim se Projektligji \u00ebsht\u00eb publikuar p\u00ebr konsultim publik, pa marr\u00eb n\u00eb konsiderat\u00eb komentet dhe shqet\u00ebsimet e tyre kryesore.<\/p>\n<p>P\u00ebr her\u00eb t\u00eb par\u00eb dhomat dhe shoqatat e biznesit ia kan\u00eb adresuar shqet\u00ebsimin e tyre dhe institucioneve nd\u00ebrkomb\u00ebtare dhe ambasadave t\u00eb huaja, si Delegacionit t\u00eb Bashkimit Europian n\u00eb Shqip\u00ebri, ambasad\u00ebs amerikane, italiane t\u00eb Mbret\u00ebris\u00eb s\u00eb Bashkuar, asaj t\u00eb Gjermanis\u00eb, Austris\u00eb, Turqis\u00eb e Greqis\u00eb.<\/p>\n<div class=\"jnews_inline_related_post_wrapper left\">\n<div class=\"jnews_inline_related_post\">\n<div class=\"jeg_postblock_29 jeg_postblock jeg_module_hook jeg_pagination_disable jeg_col_2o3 jnews_module_1401271_1_6673d7a9e0df3   \" data-unique=\"jnews_module_1401271_1_6673d7a9e0df3\">\n<div class=\"jeg_block_heading jeg_block_heading_6 jeg_subcat_right\"><\/div>\n<div class=\"jeg_block_navigation\">\u201cM\u00ebnyra sesi po procedohet p\u00ebr konsultim ky Projektligj, na shtyn t\u00eb mendojm\u00eb se jemi p\u00ebrpara nj\u00eb modeli t\u00eb paramiratuar dhe shpreh mosvler\u00ebsim t\u00eb mendimit t\u00eb komunitetit t\u00eb biznesit, i cili preket drejtp\u00ebrdrejt\u00eb nga Projektligji.<\/div>\n<\/div>\n<\/div>\n<\/div>\n<p>Jemi t\u00eb bindur se vet\u00ebm dialogu mes institucioneve shtet\u00ebrore dhe komunitetit t\u00eb biznesit, adresimi i drejt\u00eb dhe i balancuar i problematikave dhe shqet\u00ebsimeve respektive t\u00eb pal\u00ebve, duhet t\u00eb sh\u00ebrbej\u00eb si premis\u00eb p\u00ebr hartimin e kuadrit ligjor dhe rregullator, n\u00eb m\u00ebnyr\u00eb q\u00eb ai t\u00eb zbatohet me efikasitet\u201d, thuhet n\u00eb letr\u00ebn e fundit drejtuar Kryeministrit Rama.<\/p>\n<p>Dhomat dhe Shoqatat e Biznesit pohojn\u00eb se i vler\u00ebsojn\u00eb p\u00ebrpjekjet e Qeveris\u00eb p\u00ebr strukturimin e p\u00ebrfaq\u00ebsimit t\u00eb sip\u00ebrmarrjes p\u00ebrmes Projektligjit \u201cP\u00ebr Dhom\u00ebn Ekonomike Komb\u00ebtare\u201d.<\/p>\n<p>\u201cGjithashtu, kemi shprehur vullnetin ton\u00eb pozitiv, p\u00ebr t\u00eb marr\u00eb pjes\u00eb n\u00eb diskutimin e Projektligjit, duke marr\u00eb pjes\u00eb n\u00eb disa takime me p\u00ebrfaq\u00ebsues t\u00eb Ministris\u00eb s\u00eb Sip\u00ebrmarrjes dhe Klim\u00ebs s\u00eb Biznesit.<\/p>\n<p>Ne presim q\u00eb sugjerimet dhe argumentet tona t\u00eb merren n\u00eb konsiderat\u00eb nga institucionet e angazhuara n\u00eb hartimin e tij, duke i adresuar ato n\u00eb Projektligj. Besojm\u00eb fuqimisht se komentet dhe sugjerimet tona kontribuojn\u00eb n\u00eb hartimin e nj\u00eb ligji, i cili duhet t\u00eb respektoj\u00eb t\u00eb drejtat themelore kushtetuese dhe t\u00eb jet\u00eb n\u00eb p\u00ebrputhje me lirin\u00eb e sip\u00ebrmarrjes dhe tregut t\u00eb lir\u00eb\u201d.<\/p>\n<p>N\u00eb fund t\u00eb letr\u00ebs, dhomat dhe shoqatat kan\u00eb k\u00ebrkuar nj\u00eb takim me kryeministrin p\u00ebr t\u00eb shprehur shqet\u00ebsimet e tyre dhe p\u00ebr t\u00eb diskutuar mbi modelin e duhur t\u00eb organizimit dhe p\u00ebrfaq\u00ebsimit t\u00eb biznesit n\u00eb vend.<\/p>\n<p><strong>Kund\u00ebrshtimet n\u00eb procesin e konsultimit publik<\/strong><\/p>\n<p>M\u00eb her\u00ebt, Dhomat dhe shoqatat kryesore t\u00eb p\u00ebrfaq\u00ebsimit t\u00eb biznesit n\u00eb Shqip\u00ebri shpreh\u00ebn kund\u00ebrshtimin e tyre dhe\u00a0n\u00eb procesin e konsultimit publik.<\/p>\n<p>Dhoma Amerikane e Tregtis\u00eb n\u00eb komentet e saj depozituar n\u00eb faqen e konsultimeve publike shprehet se an\u00ebtar\u00ebsimi i detyruesh\u00ebm p\u00ebr subjektet tregtare i parashikuar n\u00eb projektligj bie ndesh me parimin e liris\u00eb se organizimit sipas nenit 46 t\u00eb Kushtetut\u00ebs. Sipas Dhom\u00ebs Amerikane, ky nen sanksionon lirin\u00eb e organizimit e cilido personi q\u00eb t\u00eb zgjedh\u00eb m\u00ebnyr\u00ebn e organizimit kolektiv, t\u00eb cil\u00ebt nuk mund t\u00eb detyrohen te marrin pjes\u00eb n\u00eb organizime kund\u00ebr vullnetit t\u00eb tyre.<\/p>\n<p>Shoqata e Investitor\u00ebve t\u00eb Huaj n\u00eb Shqip\u00ebri (FIAA) n\u00eb komentet e saj arrin n\u00eb p\u00ebrfundimin se projektligji cenon t\u00eb drejt\u00ebn e biznesit p\u00ebr t\u2019u vet\u00eb p\u00ebrfaq\u00ebsuar n\u00eb m\u00ebnyr\u00eb t\u00eb lir\u00eb dhe t\u00eb pandikuar nga qeveria, \u00e7ka p\u00ebrb\u00ebn nj\u00eb cenim t\u00eb r\u00ebnd\u00ebsish\u00ebm t\u00eb liris\u00eb s\u00eb tregut dhe nj\u00eb precedent t\u00eb rreziksh\u00ebm p\u00ebr vendin ton\u00eb.<\/p>\n<p><strong>David Wisner i SHBA-ve: Dhomat e biznesit duhet t\u00eb jen\u00eb t\u00eb pavarura<\/strong><\/p>\n<p>Edhe i ngarkuari n\u00eb Detyr\u00eb i Ambasad\u00ebs Amerikane n\u00eb Shqip\u00ebri, z. David Wisner gjat\u00eb nj\u00eb podcasti p\u00ebr \u201cMonitor\u201d, ku ishte\u00a0 i pranish\u00ebm dhe kreu i Dhom\u00ebs Amerikane t\u00eb Tregtis\u00eb, z. Grant Van Cleve dha mesazhin se dhomat duhet t\u00eb jen\u00eb t\u00eb pavarura.<\/p>\n<p>\u201cNe besojm\u00eb me vendosm\u00ebri se Dhoma \u00ebsht\u00eb nj\u00eb z\u00eb ky\u00e7 p\u00ebr sektorin privat. Dhe, sa m\u00eb shum\u00eb q\u00eb Dhomat mund t\u00eb jen\u00eb t\u00eb lira p\u00ebr t\u00eb b\u00ebr\u00eb llojin e pun\u00ebs q\u00eb b\u00ebjn\u00eb, p\u00ebrkrahja p\u00ebr bizneset, p\u00ebr rritjen e v\u00ebrtet\u00eb t\u00eb sektorit privat, organik dhe t\u00eb pavarur \u00ebsht\u00eb t\u00ebr\u00ebsisht kritike. Ky \u00ebsht\u00eb qart\u00ebsisht roli q\u00eb luan Dhoma Amerikane, por un\u00eb do t\u00eb thosha se kjo gj\u00eb \u00ebsht\u00eb edhe m\u00eb e gjer\u00eb se kaq. E di q\u00eb kjo p\u00ebrfshin edhe Dhomat e tjera q\u00eb jan\u00eb t\u00eb pranishme k\u00ebtu\u201d. Ka pohuar ai.<\/p>\n<p><strong>Drafti q\u00eb ka ngjallur shum\u00eb diskutime<\/strong><\/p>\n<p>Projektligji \u201cP\u00ebr Dhom\u00ebn Ekonomike Komb\u00ebtare\u201d synon nj\u00eb model t\u00eb ri t\u00eb p\u00ebrfaq\u00ebsimit t\u00eb sip\u00ebrmarrjes, p\u00ebrmes s\u00eb cilit praktikisht qeveria do t\u00eb \u201cmonopolizoj\u00eb\u201d p\u00ebrfaq\u00ebsimin e sip\u00ebrmarrjeve n\u00eb Dhoma e Shoqata biznesi.<\/p>\n<p>Thelbi i k\u00ebtij modeli p\u00ebrfshin riorganizimin e modelit aktuale drejt modelit t\u00eb past\u00ebr t\u00eb s\u00eb drejt\u00ebs publike, n\u00eb respektim t\u00eb parimeve t\u00eb nj\u00eb sistemi t\u00eb unifikuar, me qasje sektoriale dhe ndarje rajonale. Reforma parashikon forcimin e pozit\u00ebs s\u00eb Dhom\u00ebs Publike dhe krijimin e Dhom\u00ebs Unike Ekonomike Komb\u00ebtare. An\u00ebtar\u00ebsimi i subjekteve tregtare do t\u00eb jet\u00eb i detyruesh\u00ebm n\u00eb harmoni me normat kushtetuese dhe modelet nd\u00ebrkomb\u00ebtare.<\/p>\n<p>Kuotizacioni do t\u00eb jet\u00eb i p\u00ebrshkall\u00ebzuar n\u00eb baz\u00eb t\u00eb llojit dhe xhiros vjetore, me kuot\u00eb minimale simbolike p\u00ebr biznesin e vog\u00ebl, me p\u00ebrfaq\u00ebsim sektorial dhe rajonal.<\/p>\n<p>Ky model, sipas raportit, do t\u00eb nxiste nj\u00eb z\u00eb t\u00eb unifikuar t\u00eb biznesit dhe do t\u00eb promovonte nj\u00eb dialog t\u00eb rregullt me organet shtet\u00ebrore p\u00ebr nxitjen dhe zhvillimin e bizneseve.<\/p>\n<p>N\u00eb raport quhet problematike numri i lart\u00eb i organizatave t\u00eb biznesit, me m\u00eb shum\u00eb se 180 shoqata. Sipas raportit ka nj\u00eb nivel t\u00eb \u00e7rregullt t\u00eb p\u00ebrfaq\u00ebsimit sektorial, p\u00ebrfaq\u00ebsimit rajonal dhe nd\u00ebrkomb\u00ebtar si dhe ka llogaridh\u00ebnie dhe transparenc\u00eb t\u00eb dob\u00ebt t\u00eb veprimtaris\u00eb s\u00eb dhomave dhe munges\u00eb kohezioni dhe partneritet me Dhomat bilaterale.<\/p>\n<p>Roli p\u00ebr krijimin e k\u00ebtij modeli t\u00eb ri i \u00ebsht\u00eb l\u00ebn\u00eb Ministrit p\u00ebr Sip\u00ebrmarrjen, q\u00eb do t\u00eb ngrej\u00eb nj\u00eb Komision t\u00eb p\u00ebrkohsh\u00ebm me objektiv ngritjen e sistemit t\u00eb ri t\u00eb dhomave dhe organizimin e zgjedhjeve t\u00eb para t\u00eb organeve drejtuese dhe vendim marr\u00ebse brenda dy viteve nga hyrja n\u00eb fuqi e ligjit.\/Monitor<\/p>\n<p><a href=\"https:\/\/www.monitor.al\/images\/2024\/06\/Screenshot_20240619_222444_OneDrive.jpg\" target=\"_blank\" rel=\"noopener\"><img loading=\"lazy\" decoding=\"async\" class=\"size-full wp-image-316562 alignnone lazyloaded\" src=\"https:\/\/www.monitor.al\/images\/2024\/06\/Screenshot_20240619_222444_OneDrive.jpg\" alt=\"\" width=\"720\" height=\"925\" data-src=\"https:\/\/www.monitor.al\/images\/2024\/06\/Screenshot_20240619_222444_OneDrive.jpg\" data-pin-no-hover=\"true\" \/><\/a><\/p>\n<p><a href=\"https:\/\/www.monitor.al\/images\/2024\/06\/Screenshot_20240619_222521_OneDrive-2.jpg\" target=\"_blank\" rel=\"noopener\"><img loading=\"lazy\" decoding=\"async\" class=\"size-full wp-image-316566 alignnone lazyloaded\" src=\"https:\/\/www.monitor.al\/images\/2024\/06\/Screenshot_20240619_222521_OneDrive-2.jpg\" alt=\"\" width=\"720\" height=\"1415\" data-src=\"https:\/\/www.monitor.al\/images\/2024\/06\/Screenshot_20240619_222521_OneDrive-2.jpg\" data-pin-no-hover=\"true\" \/><\/a><\/p>\n<div class=\"jeg_post_tags\"><\/div>\n","protected":false},"excerpt":{"rendered":"<p>Pjesa m\u00eb e madhe e Dhomave dhe shoqatave t\u00eb biznesit, kryesisht t\u00eb atyre q\u00eb p\u00ebrfaq\u00ebsojn\u00eb bizneset e huaja, kan\u00eb p\u00ebrshkall\u00ebzuar ankesat dhe reagimin ndaj qeveris\u00eb p\u00ebr projektligjin \u201cP\u00ebr Dhom\u00ebn Ekonomike Komb\u00ebtare\u201d, q\u00eb parashikon an\u00ebtar\u00ebsimin me detyrim t\u00eb t\u00eb gjith\u00eb bizneseve n\u00eb nj\u00eb Dhom\u00eb Ekonomike Komb\u00ebtare. N\u00eb nj\u00eb shkres\u00eb t\u00eb fundit drejtuar kryeministrit Edi Rama, 17 &hellip;<\/p>\n","protected":false},"author":4,"featured_media":82620,"comment_status":"closed","ping_status":"closed","sticky":false,"template":"","format":"standard","meta":{"footnotes":""},"categories":[37],"tags":[],"class_list":["post-82619","post","type-post","status-publish","format-standard","has-post-thumbnail","","category-politike"],"_links":{"self":[{"href":"https:\/\/rdnews.al\/index.php\/wp-json\/wp\/v2\/posts\/82619","targetHints":{"allow":["GET"]}}],"collection":[{"href":"https:\/\/rdnews.al\/index.php\/wp-json\/wp\/v2\/posts"}],"about":[{"href":"https:\/\/rdnews.al\/index.php\/wp-json\/wp\/v2\/types\/post"}],"author":[{"embeddable":true,"href":"https:\/\/rdnews.al\/index.php\/wp-json\/wp\/v2\/users\/4"}],"replies":[{"embeddable":true,"href":"https:\/\/rdnews.al\/index.php\/wp-json\/wp\/v2\/comments?post=82619"}],"version-history":[{"count":0,"href":"https:\/\/rdnews.al\/index.php\/wp-json\/wp\/v2\/posts\/82619\/revisions"}],"wp:featuredmedia":[{"embeddable":true,"href":"https:\/\/rdnews.al\/index.php\/wp-json\/wp\/v2\/media\/82620"}],"wp:attachment":[{"href":"https:\/\/rdnews.al\/index.php\/wp-json\/wp\/v2\/media?parent=82619"}],"wp:term":[{"taxonomy":"category","embeddable":true,"href":"https:\/\/rdnews.al\/index.php\/wp-json\/wp\/v2\/categories?post=82619"},{"taxonomy":"post_tag","embeddable":true,"href":"https:\/\/rdnews.al\/index.php\/wp-json\/wp\/v2\/tags?post=82619"}],"curies":[{"name":"wp","href":"https:\/\/api.w.org\/{rel}","templated":true}]}}