{"id":82686,"date":"2024-06-20T18:37:43","date_gmt":"2024-06-20T18:37:43","guid":{"rendered":"https:\/\/rdnews.al\/?p=82686"},"modified":"2024-06-20T18:37:43","modified_gmt":"2024-06-20T18:37:43","slug":"berisha-fton-qytetaret-neser-ne-proteste-erion-veliaj-e-shfrytezoi-detyren-per-te-pasuruar-vellain-dhe-bashkeshorten","status":"publish","type":"post","link":"https:\/\/rdnews.al\/index.php\/2024\/06\/20\/berisha-fton-qytetaret-neser-ne-proteste-erion-veliaj-e-shfrytezoi-detyren-per-te-pasuruar-vellain-dhe-bashkeshorten\/","title":{"rendered":"Berisha fton qytetar\u00ebt nes\u00ebr n\u00eb protest\u00eb: Erion Veliaj e shfryt\u00ebzoi detyr\u00ebn p\u00ebr t\u00eb pasuruar v\u00ebllain dhe bashk\u00ebshorten"},"content":{"rendered":"<p>Kreu i PD, Sali Berisha n\u00eb fjal\u00ebn e tij p\u00ebrpara protestuesve \u00ebsht\u00eb shprehur se \u00e7do atdhetari q\u00eb i qan zemra, i dhemb shpirti kur sheh Shqip\u00ebrin\u00eb t\u00eb braktiset n\u00eb k\u00ebt\u00eb m\u00ebnyr\u00eb si kurr\u00eb n\u00eb historin\u00eb e saj.<\/p>\n<p>Nd\u00ebr t\u00eb tjera Berisha ka theksuar se Erion Veliaj p\u00ebrfaq\u00ebson prototipin e njeriut t\u00eb zhveshur nga \u00e7do norm\u00eb, karakter dhe moral.<\/p>\n<p>\u201cMir\u00ebmbr\u00ebma dhe p\u00ebrsh\u00ebndetjet e mia m\u00eb t\u00eb p\u00ebrzem\u00ebrta, mir\u00ebnjohjen time t\u00eb pafundme p\u00ebr q\u00ebndres\u00ebn tuaj, p\u00ebr guximin, shpirtin e pamposhtur q\u00eb tregoni, misionar\u00eb t\u00eb kauz\u00ebs s\u00eb drejt\u00eb.<\/p>\n<p>Kauz\u00ebs s\u00eb \u00e7do shqiptari t\u00eb ndersh\u00ebm.<\/p>\n<p>Kauz\u00ebs s\u00eb \u00e7do qytetari q\u00eb do dinjitetin e tij dhe t\u00eb kombit t\u00eb tij.<\/p>\n<p>T\u00eb \u00e7do atdhetari q\u00eb i qan zemra, i dhemb shpirti kur sheh Shqip\u00ebrin\u00eb t\u00eb braktiset n\u00eb k\u00ebt\u00eb m\u00ebnyr\u00eb si kurr\u00eb n\u00eb historin\u00eb e saj.<\/p>\n<p>Si kurr\u00eb n\u00eb shekuj nga asnj\u00eb pushtim tjet\u00ebr, t\u00eb braktiset nga bijt\u00eb dhe bijat e saj.<\/p>\n<p>Nuk ka kauz\u00eb m\u00eb t\u00eb drejt\u00eb se kjo.<\/p>\n<p>\u00cbsht\u00eb fat i madh n\u00eb jet\u00eb t\u00eb mbrosh nj\u00eb kauz\u00eb t\u00eb till\u00eb.<\/p>\n<p>\u00cbsht\u00eb fat i madh n\u00eb jet\u00eb t\u00eb sakrifikosh p\u00ebr nj\u00eb kauz\u00eb t\u00eb till\u00eb.<\/p>\n<p>Ndaj dhe u b\u00ebj thirrje mbar\u00eb shqiptar\u00ebve t\u00eb bashkohemi nes\u00ebr n\u00eb betej\u00eb kund\u00ebr nj\u00ebrit prej simboleve m\u00eb t\u00eb shpifura, m\u00eb t\u00eb urryera, m\u00eb t\u00eb padenja t\u00eb Shqip\u00ebris\u00eb dhe shqiptar\u00ebve, q\u00eb ka emrin Erion Veliaj.<\/p>\n<p>Erion Veliaj p\u00ebrfaq\u00ebson prototipin e njeriut t\u00eb zhveshur nga \u00e7do norm\u00eb, karakter dhe moral.<\/p>\n<p>E njeriut q\u00eb detyr\u00ebn e mori p\u00ebr t\u00eb vjedhur qindra milion\u00eb me djeg\u00ebsin e Tiran\u00ebs dhe p\u00ebr t\u00eb mos pasur pas 6 vitesh nam as nishan t\u00eb tij.<\/p>\n<p>Erion Veliaj, detyr\u00ebn e shfryt\u00ebzoi p\u00ebr t\u00eb vjedhur me emrat e drejtor\u00ebve t\u00eb tij 100 p\u00ebrqind t\u00eb fondeve publike, tendera me kompanit\u00eb e tij.<\/p>\n<p>Si askush tjet\u00ebr, Erion Veliaj, detyr\u00ebn e shfryt\u00ebzoi p\u00ebr t\u00eb majmur, p\u00ebr t\u00eb pasuruar v\u00ebllain dhe bashk\u00ebshorten, me t\u00eb cil\u00ebt ai ka marr\u00eb peng t\u00eb tjer\u00ebt.<\/p>\n<p>N\u00eb \u00e7do pozicion q\u00eb ta kthesh, m\u00eb falni p\u00ebr shprehjen se nuk dua t\u00eb prish goj\u00ebn, ai del i posht\u00ebr, i posht\u00ebr dhe vet\u00ebm i posht\u00ebr\u201d, tha Berisha.<\/p>\n","protected":false},"excerpt":{"rendered":"<p>Kreu i PD, Sali Berisha n\u00eb fjal\u00ebn e tij p\u00ebrpara protestuesve \u00ebsht\u00eb shprehur se \u00e7do atdhetari q\u00eb i qan zemra, i dhemb shpirti kur sheh Shqip\u00ebrin\u00eb t\u00eb braktiset n\u00eb k\u00ebt\u00eb m\u00ebnyr\u00eb si kurr\u00eb n\u00eb historin\u00eb e saj. Nd\u00ebr t\u00eb tjera Berisha ka theksuar se Erion Veliaj p\u00ebrfaq\u00ebson prototipin e njeriut t\u00eb zhveshur nga \u00e7do norm\u00eb, &hellip;<\/p>\n","protected":false},"author":4,"featured_media":82598,"comment_status":"closed","ping_status":"closed","sticky":false,"template":"","format":"standard","meta":{"footnotes":""},"categories":[37],"tags":[],"class_list":["post-82686","post","type-post","status-publish","format-standard","has-post-thumbnail","","category-politike"],"_links":{"self":[{"href":"https:\/\/rdnews.al\/index.php\/wp-json\/wp\/v2\/posts\/82686","targetHints":{"allow":["GET"]}}],"collection":[{"href":"https:\/\/rdnews.al\/index.php\/wp-json\/wp\/v2\/posts"}],"about":[{"href":"https:\/\/rdnews.al\/index.php\/wp-json\/wp\/v2\/types\/post"}],"author":[{"embeddable":true,"href":"https:\/\/rdnews.al\/index.php\/wp-json\/wp\/v2\/users\/4"}],"replies":[{"embeddable":true,"href":"https:\/\/rdnews.al\/index.php\/wp-json\/wp\/v2\/comments?post=82686"}],"version-history":[{"count":0,"href":"https:\/\/rdnews.al\/index.php\/wp-json\/wp\/v2\/posts\/82686\/revisions"}],"wp:featuredmedia":[{"embeddable":true,"href":"https:\/\/rdnews.al\/index.php\/wp-json\/wp\/v2\/media\/82598"}],"wp:attachment":[{"href":"https:\/\/rdnews.al\/index.php\/wp-json\/wp\/v2\/media?parent=82686"}],"wp:term":[{"taxonomy":"category","embeddable":true,"href":"https:\/\/rdnews.al\/index.php\/wp-json\/wp\/v2\/categories?post=82686"},{"taxonomy":"post_tag","embeddable":true,"href":"https:\/\/rdnews.al\/index.php\/wp-json\/wp\/v2\/tags?post=82686"}],"curies":[{"name":"wp","href":"https:\/\/api.w.org\/{rel}","templated":true}]}}