{"id":82691,"date":"2024-06-20T18:43:51","date_gmt":"2024-06-20T18:43:51","guid":{"rendered":"https:\/\/rdnews.al\/?p=82691"},"modified":"2024-06-20T18:43:51","modified_gmt":"2024-06-20T18:43:51","slug":"berisha-do-kete-te-dhena-te-tjera-se-cfare-gjobevenesi-i-pafytyre-eshte-dumani","status":"publish","type":"post","link":"https:\/\/rdnews.al\/index.php\/2024\/06\/20\/berisha-do-kete-te-dhena-te-tjera-se-cfare-gjobevenesi-i-pafytyre-eshte-dumani\/","title":{"rendered":"Berisha: Do ket\u00eb t\u00eb dh\u00ebna t\u00eb tjera se \u00e7far\u00eb gjob\u00ebv\u00ebn\u00ebsi i pafytyr\u00eb \u00ebsht\u00eb Dumani!"},"content":{"rendered":"<p>Kreu i PD, Sali Berisha n\u00eb fjal\u00ebn e tij p\u00ebrpara protestuesve \u00ebsht\u00eb shprehur se para jush denoncova mbr\u00ebm\u00eb se si ky kriminel i f\u00ebmij\u00ebve tan\u00eb, q\u00eb amniston bandat elektorale dhe kriminel\u00ebt elektoral\u00eb n\u00eb pushtet, tenderon me ish-t\u00eb pandehurin e tij 99.9 p\u00ebrqind.<\/p>\n<p>\u201cPara jush denoncova mbr\u00ebm\u00eb se si ky kriminel i f\u00ebmij\u00ebve tan\u00eb, q\u00eb amniston bandat elektorale dhe kriminel\u00ebt elektoral\u00eb n\u00eb pushtet, tenderon me ish-t\u00eb pandehurin e tij 99.9 p\u00ebrqind.<\/p>\n<p>Prisni, do keni t\u00eb dh\u00ebna t\u00eb tjera se \u00e7far\u00eb gjob\u00ebv\u00ebn\u00ebsi i pafytyr\u00eb \u00ebsht\u00eb ky.<\/p>\n<p>T\u00eb gjitha do ia nxjerrim nj\u00eb nga nj\u00eb. Atij dhe cilitdo.<\/p>\n<p>Nuk ka forc\u00eb n\u00eb bot\u00eb q\u00eb ndalon Sali Berish\u00ebn pa u treguar vendin \u00e7do mafiozi, \u00e7do hajduti, kryeminist\u00ebr qoft\u00eb ai, minist\u00ebr, prokuror apo gjykat\u00ebs, zyrtar i lart\u00eb, shqiptar apo i huaj.<\/p>\n<p>Jet\u00eb ime do jet\u00eb n\u00eb sh\u00ebrbim t\u00eb qytetar\u00ebve shqiptar\u00eb.<\/p>\n<p>N\u00eb mbrojtje t\u00eb tyre, n\u00eb mbrojtje t\u00eb interesave t\u00eb tyre. T\u00eb dinjitetit t\u00eb tyre\u201d, tha Berisha.<\/p>\n","protected":false},"excerpt":{"rendered":"<p>Kreu i PD, Sali Berisha n\u00eb fjal\u00ebn e tij p\u00ebrpara protestuesve \u00ebsht\u00eb shprehur se para jush denoncova mbr\u00ebm\u00eb se si ky kriminel i f\u00ebmij\u00ebve tan\u00eb, q\u00eb amniston bandat elektorale dhe kriminel\u00ebt elektoral\u00eb n\u00eb pushtet, tenderon me ish-t\u00eb pandehurin e tij 99.9 p\u00ebrqind. \u201cPara jush denoncova mbr\u00ebm\u00eb se si ky kriminel i f\u00ebmij\u00ebve tan\u00eb, q\u00eb amniston &hellip;<\/p>\n","protected":false},"author":4,"featured_media":82601,"comment_status":"closed","ping_status":"closed","sticky":false,"template":"","format":"standard","meta":{"footnotes":""},"categories":[37],"tags":[],"class_list":["post-82691","post","type-post","status-publish","format-standard","has-post-thumbnail","","category-politike"],"_links":{"self":[{"href":"https:\/\/rdnews.al\/index.php\/wp-json\/wp\/v2\/posts\/82691","targetHints":{"allow":["GET"]}}],"collection":[{"href":"https:\/\/rdnews.al\/index.php\/wp-json\/wp\/v2\/posts"}],"about":[{"href":"https:\/\/rdnews.al\/index.php\/wp-json\/wp\/v2\/types\/post"}],"author":[{"embeddable":true,"href":"https:\/\/rdnews.al\/index.php\/wp-json\/wp\/v2\/users\/4"}],"replies":[{"embeddable":true,"href":"https:\/\/rdnews.al\/index.php\/wp-json\/wp\/v2\/comments?post=82691"}],"version-history":[{"count":0,"href":"https:\/\/rdnews.al\/index.php\/wp-json\/wp\/v2\/posts\/82691\/revisions"}],"wp:featuredmedia":[{"embeddable":true,"href":"https:\/\/rdnews.al\/index.php\/wp-json\/wp\/v2\/media\/82601"}],"wp:attachment":[{"href":"https:\/\/rdnews.al\/index.php\/wp-json\/wp\/v2\/media?parent=82691"}],"wp:term":[{"taxonomy":"category","embeddable":true,"href":"https:\/\/rdnews.al\/index.php\/wp-json\/wp\/v2\/categories?post=82691"},{"taxonomy":"post_tag","embeddable":true,"href":"https:\/\/rdnews.al\/index.php\/wp-json\/wp\/v2\/tags?post=82691"}],"curies":[{"name":"wp","href":"https:\/\/api.w.org\/{rel}","templated":true}]}}