{"id":82693,"date":"2024-06-20T18:46:49","date_gmt":"2024-06-20T18:46:49","guid":{"rendered":"https:\/\/rdnews.al\/?p=82693"},"modified":"2024-06-20T18:47:00","modified_gmt":"2024-06-20T18:47:00","slug":"berisha-thirrje-cdo-demokrati-ky-eshte-bashkim-jo-per-pseudo-opozite-por-per-beteje-opozite","status":"publish","type":"post","link":"https:\/\/rdnews.al\/index.php\/2024\/06\/20\/berisha-thirrje-cdo-demokrati-ky-eshte-bashkim-jo-per-pseudo-opozite-por-per-beteje-opozite\/","title":{"rendered":"Berisha thirrje \u00e7do demokrati: Ky \u00ebsht\u00eb bashkim jo p\u00ebr pseudo-opozit\u00eb, por p\u00ebr betej\u00eb-opozit\u00eb!"},"content":{"rendered":"<p>Lideri i opozit\u00ebs, Sali Berisha i ka b\u00ebr\u00eb thirrje \u00e7do demokrati p\u00ebr bashkimin e tyre n\u00eb betej\u00eb me regjimin e Edi Ram\u00ebs. Berisha tha se, ky \u00ebsht\u00eb bashkim jo p\u00ebr pseudo-opozit\u00eb, po p\u00ebr betej\u00eb-opozit\u00eb.<\/p>\n<p>\u201cNdaj miqt\u00eb e mi, t\u00eb bashkohemi, por edhe nj\u00ebher\u00eb para jush dhe n\u00eb em\u00ebr tuaj, i b\u00ebj thirrje \u00e7do demokrati q\u00eb ka investuar mundin dhe djersin e tij n\u00eb k\u00ebt\u00eb parti, \u00e7do k\u00ebshilltari q\u00eb q\u00ebndron aty me votat e flamurit t\u00eb partis\u00eb, t\u00eb bashkohemi te flamuri, t\u00eb bashkohemi t\u00eb idealet, t\u00eb bashkohemi miq se ky \u00ebsht\u00eb bashkim n\u00eb betej\u00eb.<\/p>\n<p>Se ky \u00ebsht\u00eb bashkim jo p\u00ebr pseudo-opozit\u00eb, po p\u00ebr betej\u00eb-opozit\u00eb, p\u00ebr mosbindje civile, p\u00ebr t\u00eb p\u00ebrmbysur Edi Ram\u00ebn, p\u00ebr qeveri teknike, p\u00ebr zgjedhje t\u00eb lira, p\u00ebr fitoren e PD-s\u00eb.<\/p>\n<p>Nga lufta ve\u00e7se ai largohet, thot\u00eb himni yn\u00eb, nga beteja jon\u00eb ve\u00e7se largohet thot\u00eb himni yn\u00eb.<\/p>\n<p>Ndaj dhe sot o kurr\u00eb, t\u00eb gjith\u00eb n\u00eb betej\u00eb, t\u00eb gjith\u00eb n\u00eb mosbindje civile, t\u00eb gjith\u00eb drejt fitores.<\/p>\n<p>Rrofshi ju, rroft\u00eb Shqip\u00ebria\u201d, tha Berisha.<\/p>\n","protected":false},"excerpt":{"rendered":"<p>Lideri i opozit\u00ebs, Sali Berisha i ka b\u00ebr\u00eb thirrje \u00e7do demokrati p\u00ebr bashkimin e tyre n\u00eb betej\u00eb me regjimin e Edi Ram\u00ebs. Berisha tha se, ky \u00ebsht\u00eb bashkim jo p\u00ebr pseudo-opozit\u00eb, po p\u00ebr betej\u00eb-opozit\u00eb. \u201cNdaj miqt\u00eb e mi, t\u00eb bashkohemi, por edhe nj\u00ebher\u00eb para jush dhe n\u00eb em\u00ebr tuaj, i b\u00ebj thirrje \u00e7do demokrati q\u00eb &hellip;<\/p>\n","protected":false},"author":4,"featured_media":82610,"comment_status":"closed","ping_status":"closed","sticky":false,"template":"","format":"standard","meta":{"footnotes":""},"categories":[37],"tags":[],"class_list":["post-82693","post","type-post","status-publish","format-standard","has-post-thumbnail","","category-politike"],"_links":{"self":[{"href":"https:\/\/rdnews.al\/index.php\/wp-json\/wp\/v2\/posts\/82693","targetHints":{"allow":["GET"]}}],"collection":[{"href":"https:\/\/rdnews.al\/index.php\/wp-json\/wp\/v2\/posts"}],"about":[{"href":"https:\/\/rdnews.al\/index.php\/wp-json\/wp\/v2\/types\/post"}],"author":[{"embeddable":true,"href":"https:\/\/rdnews.al\/index.php\/wp-json\/wp\/v2\/users\/4"}],"replies":[{"embeddable":true,"href":"https:\/\/rdnews.al\/index.php\/wp-json\/wp\/v2\/comments?post=82693"}],"version-history":[{"count":0,"href":"https:\/\/rdnews.al\/index.php\/wp-json\/wp\/v2\/posts\/82693\/revisions"}],"wp:featuredmedia":[{"embeddable":true,"href":"https:\/\/rdnews.al\/index.php\/wp-json\/wp\/v2\/media\/82610"}],"wp:attachment":[{"href":"https:\/\/rdnews.al\/index.php\/wp-json\/wp\/v2\/media?parent=82693"}],"wp:term":[{"taxonomy":"category","embeddable":true,"href":"https:\/\/rdnews.al\/index.php\/wp-json\/wp\/v2\/categories?post=82693"},{"taxonomy":"post_tag","embeddable":true,"href":"https:\/\/rdnews.al\/index.php\/wp-json\/wp\/v2\/tags?post=82693"}],"curies":[{"name":"wp","href":"https:\/\/api.w.org\/{rel}","templated":true}]}}