{"id":82698,"date":"2024-06-20T21:02:07","date_gmt":"2024-06-20T21:02:07","guid":{"rendered":"https:\/\/rdnews.al\/?p=82698"},"modified":"2024-06-20T21:02:07","modified_gmt":"2024-06-20T21:02:07","slug":"meta-dumani-ne-sherbim-skllaverues-ndaj-rames","status":"publish","type":"post","link":"https:\/\/rdnews.al\/index.php\/2024\/06\/20\/meta-dumani-ne-sherbim-skllaverues-ndaj-rames\/","title":{"rendered":"Meta: Dumani n\u00eb sh\u00ebrbim skllav\u00ebrues ndaj Ram\u00ebs!"},"content":{"rendered":"<p>Presidenti i PL-s\u00eb, Ilir Meta ka akuzuar drejtuesin e SPAK, Altin Dumani dhe prokuror\u00ebt e tjer\u00eb t\u00eb Prokuroris\u00eb s\u00eb Posa\u00e7me, se jan\u00eb n\u00eb sh\u00ebrbim t\u00eb skllav\u00ebrues t\u00eb Edi Ram\u00ebs.<\/p>\n<p>Duke iu referuar deklarat\u00ebs s\u00eb Dumanit se nuk e pezullon afer\u00ebn e incenerator\u00ebve me justifikimin se ka frik\u00eb se \u00e7\u00ebshtja humbet n\u00eb arbitrazh, Meta u shpreh se nqs \u00ebsht\u00eb k\u00ebshtu, \u2018meq\u00eb i dhimbsen kaq shum\u00eb lek\u00ebt e popullit shqiptar\u00eb, pse nuk e arreston Edi Ram\u00ebn dhe Erion Veliajn p\u00ebr humbjen n\u00eb arbitrazh q\u00eb i kan\u00eb shkaktuar shtetit 200 milion\u00eb euro me Becchettin\u2019.<\/p>\n<p>\u2018Tani a \u00ebsht\u00eb ky nj\u00eb institucion i pavarur \u00e7\u2019pun\u00eb ke ti, a \u00ebsht\u00eb e paligjshme a \u00ebsht\u00eb e parregullt, ti vepro fatur\u00ebn ta marr\u00eb Edi Rama. Ai b\u00ebn politik\u00eb. Si puna me Arben Ahmetajn kur doli dhe tha 500 gj\u00ebra, prisni tha se ka surpriza p\u00ebr Arben Ahmetajn dhe doli ajo e buk\u00ebs dhe aty prap ishte Erion Veliaj, nuk ishte Arben Ahmetaj\u2019, u shpreh Meta.<\/p>\n<p>Meta: Prokuror\u00ebt e SPAK jan\u00eb totalisht t\u00eb varur dhe t\u00eb kapur p\u00ebr zvergu nga Edi Rama. Dhe p\u00ebrdoren nga Edi Rama p\u00ebr t\u00eb sakrifikuar njer\u00ebz t\u00eb Edi Ram\u00ebs q\u00eb nuk i duhet m\u00eb n\u00eb oborrin e tij dhe p\u00ebr t\u00eb prodhur statistika q\u00eb t\u00eb thon\u00eb q\u00eb jan\u00eb d\u00ebnuar gjat\u00eb k\u00ebsaj kohe kaq edhe aq, nd\u00ebrkoh\u00eb q\u00eb bizneset e tyre vazhdojn\u00eb, PPP-t\u00eb vazhdojn\u00eb, incenerator\u00ebt vazhdojn\u00eb. Po \u00e7far\u00eb SPAK-u \u00ebsht\u00eb ky more zot\u00ebri. Nuk e nd\u00ebrpres inceneratorin thot\u00eb Dumani sepse kam hall se nes\u00ebr n\u00eb arbitrazh humbet.<\/p>\n<p>Po kur ty t\u00eb dhimbsen kaq shum\u00eb lek\u00ebt e popullit shqiptar\u00eb, pse nuk e arreston Edi Ram\u00ebn dhe Erion Veliajn p\u00ebr humbjen n\u00eb arbitrazh q\u00eb i kan\u00eb shkaktuar shtetit 200 milion\u00eb euro me Becchettin. Dhe \u00ebsht\u00eb e provuar n\u00eb gjykat\u00eb me sms-t\u00eb e tyre, jan\u00eb presionet e tyre t\u00eb faktuara q\u00eb e kan\u00eb shkaktuar k\u00ebt\u00eb d\u00ebm.<\/p>\n<p>Po mir ti e paske merak shum\u00eb pun\u00ebn e inceneratorit dhe t\u00eb arbitrazhit po si nuk e paska Edi Rama e paske m\u00eb shum\u00eb ti se ai q\u00eb prish kontratat e Portit t\u00eb Durr\u00ebsit dhe qindra milion\u00eb euro t\u00eb tjera do t\u2019i marrin kompanit\u00eb gjermane dhe t\u00eb gjitha kompanit\u00eb e tjera.<\/p>\n<p>Tani a \u00ebsht\u00eb ky nj\u00eb institucion i pavarur \u00e7\u2019pun\u00eb ke ti, a \u00ebsht\u00eb e paligjshme a \u00ebsht\u00eb e parregullt, ti vepro fatur\u00ebn ta marr\u00eb Edi Rama.<\/p>\n<p>Ai b\u00ebn politik\u00eb. Si puna me Arben Ahmetajn kur doli dhe tha 500 gj\u00ebra, prisni tha se ka surpriza p\u00ebr Arben Ahmetajn dhe doli ajo e buk\u00ebs dhe aty prap ishte Erion Veliaj, nuk ishte Arben Ahmetaj.<\/p>\n<p>Ishte nj\u00eb mesazh p\u00ebr Arben Ahmetajn q\u00eb ta b\u00ebnte bashk\u00ebpun\u00ebtor. \u00cbsht\u00eb n\u00eb sh\u00ebrbim skllav\u00ebrues ndaj Ram\u00ebs.<\/p>\n","protected":false},"excerpt":{"rendered":"<p>Presidenti i PL-s\u00eb, Ilir Meta ka akuzuar drejtuesin e SPAK, Altin Dumani dhe prokuror\u00ebt e tjer\u00eb t\u00eb Prokuroris\u00eb s\u00eb Posa\u00e7me, se jan\u00eb n\u00eb sh\u00ebrbim t\u00eb skllav\u00ebrues t\u00eb Edi Ram\u00ebs. Duke iu referuar deklarat\u00ebs s\u00eb Dumanit se nuk e pezullon afer\u00ebn e incenerator\u00ebve me justifikimin se ka frik\u00eb se \u00e7\u00ebshtja humbet n\u00eb arbitrazh, Meta u shpreh &hellip;<\/p>\n","protected":false},"author":4,"featured_media":76626,"comment_status":"closed","ping_status":"closed","sticky":false,"template":"","format":"standard","meta":{"footnotes":""},"categories":[37],"tags":[],"class_list":["post-82698","post","type-post","status-publish","format-standard","has-post-thumbnail","","category-politike"],"_links":{"self":[{"href":"https:\/\/rdnews.al\/index.php\/wp-json\/wp\/v2\/posts\/82698","targetHints":{"allow":["GET"]}}],"collection":[{"href":"https:\/\/rdnews.al\/index.php\/wp-json\/wp\/v2\/posts"}],"about":[{"href":"https:\/\/rdnews.al\/index.php\/wp-json\/wp\/v2\/types\/post"}],"author":[{"embeddable":true,"href":"https:\/\/rdnews.al\/index.php\/wp-json\/wp\/v2\/users\/4"}],"replies":[{"embeddable":true,"href":"https:\/\/rdnews.al\/index.php\/wp-json\/wp\/v2\/comments?post=82698"}],"version-history":[{"count":0,"href":"https:\/\/rdnews.al\/index.php\/wp-json\/wp\/v2\/posts\/82698\/revisions"}],"wp:featuredmedia":[{"embeddable":true,"href":"https:\/\/rdnews.al\/index.php\/wp-json\/wp\/v2\/media\/76626"}],"wp:attachment":[{"href":"https:\/\/rdnews.al\/index.php\/wp-json\/wp\/v2\/media?parent=82698"}],"wp:term":[{"taxonomy":"category","embeddable":true,"href":"https:\/\/rdnews.al\/index.php\/wp-json\/wp\/v2\/categories?post=82698"},{"taxonomy":"post_tag","embeddable":true,"href":"https:\/\/rdnews.al\/index.php\/wp-json\/wp\/v2\/tags?post=82698"}],"curies":[{"name":"wp","href":"https:\/\/api.w.org\/{rel}","templated":true}]}}