{"id":82703,"date":"2024-06-21T08:05:29","date_gmt":"2024-06-21T08:05:29","guid":{"rendered":"https:\/\/rdnews.al\/?p=82703"},"modified":"2024-06-21T08:05:29","modified_gmt":"2024-06-21T08:05:29","slug":"mbappe-nuk-pranon-te-operohet-pas-demtimit-ne-hunde-do-te-luaje-me-maske","status":"publish","type":"post","link":"https:\/\/rdnews.al\/index.php\/2024\/06\/21\/mbappe-nuk-pranon-te-operohet-pas-demtimit-ne-hunde-do-te-luaje-me-maske\/","title":{"rendered":"Mbappe nuk pranon t\u00eb operohet pas d\u00ebmtimit n\u00eb hund\u00eb, do t\u00eb luaj\u00eb me mask\u00eb"},"content":{"rendered":"<p>Kylian Mbappe p\u00ebsoi nj\u00eb fraktur\u00eb n\u00eb hund\u00eb n\u00eb ndeshjen e par\u00eb t\u00eb Franc\u00ebs n\u00eb EURO 2024 at\u00eb ndaj Austris\u00eb, me kapitenin e \u201cgjelave\u201d q\u00eb u detyrua t\u00eb linte n\u00eb m\u00ebnyr\u00eb t\u00eb menj\u00ebhershme fush\u00ebn e loj\u00ebs.<\/p>\n<p>Pas k\u00ebtij d\u00ebmtimi mjek\u00ebt i b\u00ebn\u00eb me dije sulmuesit t\u00eb Real Madrid q\u00eb duhej t\u2019i n\u00ebnshtrohej nj\u00eb operacioni n\u00eb hund\u00eb dhe p\u00ebr pasoj\u00eb do duhej t\u00eb rrinte p\u00ebr rreth tre jav\u00eb jasht\u00eb fush\u00ebs s\u00eb blert\u00eb, gj\u00eb q\u00eb do e b\u00ebnte t\u00eb humbiste Kampionatin Europian.<\/p>\n<p>Opsion t\u00eb cilin Mbappe nuk e pranoi dhe n\u00eb vend t\u00eb k\u00ebsaj vendosi q\u00eb t\u00eb luaj\u00eb me mask\u00eb n\u00eb fytyr\u00eb, nd\u00ebrsa k\u00ebt\u00eb t\u00eb enjte trajneri i Franc\u00ebs, Didier Deschamps b\u00ebri me dije p\u00ebr mediet se sulmuesi \u00ebsht\u00eb st\u00ebrvitur edhe dje edhe sot me ekipin.<\/p>\n<p>S\u00eb fundmi n\u00eb medie kan\u00eb qarkulluar foto nga st\u00ebrvitja e Franc\u00ebs, me Mbappe q\u00eb doli p\u00ebr her\u00eb t\u00eb par\u00eb me mask\u00eb, e cila mbante ngjyrat dhe simbolin e Franc\u00ebs \u201cgjelin\u201d, inicialet e tij dhe numrin q\u00eb mban n\u00eb fanell\u00eb.<\/p>\n","protected":false},"excerpt":{"rendered":"<p>Kylian Mbappe p\u00ebsoi nj\u00eb fraktur\u00eb n\u00eb hund\u00eb n\u00eb ndeshjen e par\u00eb t\u00eb Franc\u00ebs n\u00eb EURO 2024 at\u00eb ndaj Austris\u00eb, me kapitenin e \u201cgjelave\u201d q\u00eb u detyrua t\u00eb linte n\u00eb m\u00ebnyr\u00eb t\u00eb menj\u00ebhershme fush\u00ebn e loj\u00ebs. Pas k\u00ebtij d\u00ebmtimi mjek\u00ebt i b\u00ebn\u00eb me dije sulmuesit t\u00eb Real Madrid q\u00eb duhej t\u2019i n\u00ebnshtrohej nj\u00eb operacioni n\u00eb hund\u00eb &hellip;<\/p>\n","protected":false},"author":4,"featured_media":82704,"comment_status":"closed","ping_status":"closed","sticky":false,"template":"","format":"standard","meta":{"footnotes":""},"categories":[39],"tags":[],"class_list":["post-82703","post","type-post","status-publish","format-standard","has-post-thumbnail","","category-sport"],"_links":{"self":[{"href":"https:\/\/rdnews.al\/index.php\/wp-json\/wp\/v2\/posts\/82703","targetHints":{"allow":["GET"]}}],"collection":[{"href":"https:\/\/rdnews.al\/index.php\/wp-json\/wp\/v2\/posts"}],"about":[{"href":"https:\/\/rdnews.al\/index.php\/wp-json\/wp\/v2\/types\/post"}],"author":[{"embeddable":true,"href":"https:\/\/rdnews.al\/index.php\/wp-json\/wp\/v2\/users\/4"}],"replies":[{"embeddable":true,"href":"https:\/\/rdnews.al\/index.php\/wp-json\/wp\/v2\/comments?post=82703"}],"version-history":[{"count":0,"href":"https:\/\/rdnews.al\/index.php\/wp-json\/wp\/v2\/posts\/82703\/revisions"}],"wp:featuredmedia":[{"embeddable":true,"href":"https:\/\/rdnews.al\/index.php\/wp-json\/wp\/v2\/media\/82704"}],"wp:attachment":[{"href":"https:\/\/rdnews.al\/index.php\/wp-json\/wp\/v2\/media?parent=82703"}],"wp:term":[{"taxonomy":"category","embeddable":true,"href":"https:\/\/rdnews.al\/index.php\/wp-json\/wp\/v2\/categories?post=82703"},{"taxonomy":"post_tag","embeddable":true,"href":"https:\/\/rdnews.al\/index.php\/wp-json\/wp\/v2\/tags?post=82703"}],"curies":[{"name":"wp","href":"https:\/\/api.w.org\/{rel}","templated":true}]}}