{"id":82726,"date":"2024-06-21T09:52:27","date_gmt":"2024-06-21T09:52:27","guid":{"rendered":"https:\/\/rdnews.al\/?p=82726"},"modified":"2024-06-21T09:52:27","modified_gmt":"2024-06-21T09:52:27","slug":"protesta-tym-dhe-flake-ne-protesten-tek-bashkia-e-tiranes","status":"publish","type":"post","link":"https:\/\/rdnews.al\/index.php\/2024\/06\/21\/protesta-tym-dhe-flake-ne-protesten-tek-bashkia-e-tiranes\/","title":{"rendered":"Protesta\/ Tym dhe flak\u00eb n\u00eb protest\u00ebn tek bashkia e Tiran\u00ebs"},"content":{"rendered":"<p>Protesta e 13-t\u00eb e Aleanc\u00ebs s\u00eb Mbrojtjes s\u00eb Teatrit dhe opozit\u00ebs tek bashkia e Tiran\u00ebs ka rritur tensionet.<\/p>\n<p>Si n\u00eb \u00e7do protest\u00eb, policia ka vendosur p\u00ebrball\u00eb protestuesve punonj\u00ebs t\u00eb pajisur me skafandra e me pajisje sulmuese ndaj protestuesve.<\/p>\n<p>Qytetar\u00ebt e mbledhur para bashkis\u00eb s\u00eb Tiran\u00ebs, k\u00ebrkojn\u00eb largimin e Erion Veliajt dhe d\u00ebrgimin e tij para drejt\u00ebsis\u00eb p\u00ebr vjedhjet q\u00eb ka b\u00ebr\u00eb n\u00eb institucionin q\u00eb drejton.<\/p>\n","protected":false},"excerpt":{"rendered":"<p>Protesta e 13-t\u00eb e Aleanc\u00ebs s\u00eb Mbrojtjes s\u00eb Teatrit dhe opozit\u00ebs tek bashkia e Tiran\u00ebs ka rritur tensionet. Si n\u00eb \u00e7do protest\u00eb, policia ka vendosur p\u00ebrball\u00eb protestuesve punonj\u00ebs t\u00eb pajisur me skafandra e me pajisje sulmuese ndaj protestuesve. Qytetar\u00ebt e mbledhur para bashkis\u00eb s\u00eb Tiran\u00ebs, k\u00ebrkojn\u00eb largimin e Erion Veliajt dhe d\u00ebrgimin e tij para &hellip;<\/p>\n","protected":false},"author":4,"featured_media":81437,"comment_status":"closed","ping_status":"closed","sticky":false,"template":"","format":"standard","meta":{"footnotes":""},"categories":[37],"tags":[],"class_list":["post-82726","post","type-post","status-publish","format-standard","has-post-thumbnail","","category-politike"],"_links":{"self":[{"href":"https:\/\/rdnews.al\/index.php\/wp-json\/wp\/v2\/posts\/82726","targetHints":{"allow":["GET"]}}],"collection":[{"href":"https:\/\/rdnews.al\/index.php\/wp-json\/wp\/v2\/posts"}],"about":[{"href":"https:\/\/rdnews.al\/index.php\/wp-json\/wp\/v2\/types\/post"}],"author":[{"embeddable":true,"href":"https:\/\/rdnews.al\/index.php\/wp-json\/wp\/v2\/users\/4"}],"replies":[{"embeddable":true,"href":"https:\/\/rdnews.al\/index.php\/wp-json\/wp\/v2\/comments?post=82726"}],"version-history":[{"count":0,"href":"https:\/\/rdnews.al\/index.php\/wp-json\/wp\/v2\/posts\/82726\/revisions"}],"wp:featuredmedia":[{"embeddable":true,"href":"https:\/\/rdnews.al\/index.php\/wp-json\/wp\/v2\/media\/81437"}],"wp:attachment":[{"href":"https:\/\/rdnews.al\/index.php\/wp-json\/wp\/v2\/media?parent=82726"}],"wp:term":[{"taxonomy":"category","embeddable":true,"href":"https:\/\/rdnews.al\/index.php\/wp-json\/wp\/v2\/categories?post=82726"},{"taxonomy":"post_tag","embeddable":true,"href":"https:\/\/rdnews.al\/index.php\/wp-json\/wp\/v2\/tags?post=82726"}],"curies":[{"name":"wp","href":"https:\/\/api.w.org\/{rel}","templated":true}]}}