{"id":82758,"date":"2024-06-21T12:36:49","date_gmt":"2024-06-21T12:36:49","guid":{"rendered":"https:\/\/rdnews.al\/?p=82758"},"modified":"2024-06-21T12:36:49","modified_gmt":"2024-06-21T12:36:49","slug":"dhunohet-dhe-grabitet-roberto-baggio-mbahet-peng-se-bashku-me-familjen-ne-vilen-e-tij","status":"publish","type":"post","link":"https:\/\/rdnews.al\/index.php\/2024\/06\/21\/dhunohet-dhe-grabitet-roberto-baggio-mbahet-peng-se-bashku-me-familjen-ne-vilen-e-tij\/","title":{"rendered":"Dhunohet dhe grabitet Roberto Baggio, mbahet peng s\u00eb bashku me familjen n\u00eb vil\u00ebn e tij"},"content":{"rendered":"<p>Frik\u00eb p\u00ebr legjend\u00ebn e futbollit italian Roberto Baggio. Dje n\u00eb mbr\u00ebmje, gjat\u00eb ndeshjes Spanj\u00eb-Italia, Baggio dhe familja e tij kan\u00eb r\u00ebn\u00eb pre e hajdut\u00ebve, t\u00eb cil\u00ebt rreth or\u00ebs 22 u fut\u00ebn n\u00eb vil\u00ebn e tij. Sipas mediave italiane, pes\u00eb persona, t\u00eb gjith\u00eb t\u00eb armatosur, jan\u00eb futur n\u00eb sht\u00ebpin\u00eb e tij p\u00ebr t\u00eb grabitur.<\/p>\n<p>Ish numri 10-t\u00eb \u00ebsht\u00eb p\u00ebrpjekur t\u00eb mbrohet, por \u00ebsht\u00eb goditur n\u00eb kok\u00eb me pistolet\u00eb, nj\u00eb goditje shum\u00eb e fort\u00eb q\u00eb i ka shkaktuar nj\u00eb t\u00eb \u00e7ar\u00eb t\u00eb thell\u00eb. M\u00eb pasi, Baggio dhe familja e tij jan\u00eb mbyllur n\u00eb nj\u00eb dhom\u00eb p\u00ebr afro 1 or\u00eb, nd\u00ebrsa keqb\u00ebr\u00ebsit kan\u00eb marr\u00eb para, or\u00eb dhe sende me vler\u00eb.<\/p>\n<p>Pasi grabit\u00ebsit u larguan nga sht\u00ebpia, Baggio njoftoi policin\u00eb, nd\u00ebrsa n\u00eb ndihm\u00eb t\u00eb tij erdhi edhe autoambulanca e cila b\u00ebri transportin e tij n\u00eb spital p\u00ebr t\u00eb marr\u00eb ndihm\u00ebn e par\u00eb.<\/p>\n<p>Ish-fituesi i Topit t\u00eb Art\u00eb, Roberto Baggio dhe familja e tij mbet\u00ebn viktima t\u00eb nj\u00eb grabitjeje t\u00eb dhunshme mbr\u00ebmjen e s\u00eb enjtes, teksa po ndiqnin ndeshjen Itali-Spanj\u00eb t\u00eb vlefshme p\u00ebr Euro 2024.<\/p>\n<p>Makthi p\u00ebr 57-vje\u00e7arin filloi rreth or\u00ebs 22:00 kur nj\u00eb band\u00eb prej t\u00eb pakt\u00ebn pes\u00eb personash, t\u00eb gjith\u00eb t\u00eb armatosur hyn\u00eb n\u00eb vil\u00ebn e futbollistit n\u00eb Altavilla Vicentina.<\/p>\n<p><a href=\"https:\/\/www.corrieredellosport.it\/news\/attualit\/2024\/06\/21-129303772\/terrore_per_roby_baggio_rapina_nella_sua_villa_picchiato_e_sequestrato\" target=\"_blank\" rel=\"noopener\">Corriere dello Sport<\/a>raporton se grabit\u00ebsit kan\u00eb hyr\u00eb n\u00eb sht\u00ebpi dhe Baggio ka tentuar t\u00eb p\u00ebrballet duke u p\u00ebrleshur fizikisht me nj\u00ebrin prej tyre. Pas nj\u00eb p\u00ebrleshjeje shum\u00eb t\u00eb shkurt\u00ebr, grabit\u00ebsi e ka goditur sulmuesin legjendar t\u00eb Italis\u00eb me pjes\u00ebn e pasme t\u00eb arm\u00ebs n\u00eb ball\u00eb, duke i shkaktuar nj\u00eb plag\u00eb t\u00eb thell\u00eb, nd\u00ebrsa m\u00eb pas Baggio dhe an\u00ebtar\u00ebt e tjer\u00eb t\u00eb familjes jan\u00eb mbajtur peng n\u00eb nj\u00eb dhom\u00eb p\u00ebr 40 minuta.<\/p>\n<p>Gjat\u00eb k\u00ebsaj kohe kriminel\u00ebt kan\u00eb kthyer p\u00ebrmbys \u00e7do dhom\u00eb, duke vjedhur or\u00eb, bizhuteri dhe para, por ende nuk \u00ebsht\u00eb p\u00ebrcaktuar vlera e sendeve t\u00eb vjedhura.<\/p>\n<p>Kur futbollisti kuptoi se grabit\u00ebsit ishin larguar, ka thyer der\u00ebn dhe ka lajm\u00ebruar policin\u00eb. Karabinier\u00ebt kan\u00eb nd\u00ebrhyn\u00eb me shpejt\u00ebsi pasi kan\u00eb d\u00ebgjuar denoncimin e Baggios dhe familjes s\u00eb tij, nd\u00ebrsa prokuroria ka nisur nj\u00eb hetim duke sekuestruar t\u00eb gjitha pamjet e v\u00ebzhgimit me video.<\/p>\n<p>Sakaq, Baggio \u00ebsht\u00eb d\u00ebrguar n\u00eb urgjenc\u00ebn e Arzignano, ku u trajtua nga mjek\u00ebt dhe ka dal\u00eb prej andej me disa qepje n\u00eb ball\u00eb. P\u00ebr an\u00ebtar\u00ebt e tjer\u00eb t\u00eb familjes kishte vet\u00ebm gjendje frike dhe paniku, por askush nuk \u00ebsht\u00eb l\u00ebnduar.<\/p>\n","protected":false},"excerpt":{"rendered":"<p>Frik\u00eb p\u00ebr legjend\u00ebn e futbollit italian Roberto Baggio. Dje n\u00eb mbr\u00ebmje, gjat\u00eb ndeshjes Spanj\u00eb-Italia, Baggio dhe familja e tij kan\u00eb r\u00ebn\u00eb pre e hajdut\u00ebve, t\u00eb cil\u00ebt rreth or\u00ebs 22 u fut\u00ebn n\u00eb vil\u00ebn e tij. Sipas mediave italiane, pes\u00eb persona, t\u00eb gjith\u00eb t\u00eb armatosur, jan\u00eb futur n\u00eb sht\u00ebpin\u00eb e tij p\u00ebr t\u00eb grabitur. Ish numri &hellip;<\/p>\n","protected":false},"author":4,"featured_media":82759,"comment_status":"closed","ping_status":"closed","sticky":false,"template":"","format":"standard","meta":{"footnotes":""},"categories":[39],"tags":[],"class_list":["post-82758","post","type-post","status-publish","format-standard","has-post-thumbnail","","category-sport"],"_links":{"self":[{"href":"https:\/\/rdnews.al\/index.php\/wp-json\/wp\/v2\/posts\/82758","targetHints":{"allow":["GET"]}}],"collection":[{"href":"https:\/\/rdnews.al\/index.php\/wp-json\/wp\/v2\/posts"}],"about":[{"href":"https:\/\/rdnews.al\/index.php\/wp-json\/wp\/v2\/types\/post"}],"author":[{"embeddable":true,"href":"https:\/\/rdnews.al\/index.php\/wp-json\/wp\/v2\/users\/4"}],"replies":[{"embeddable":true,"href":"https:\/\/rdnews.al\/index.php\/wp-json\/wp\/v2\/comments?post=82758"}],"version-history":[{"count":0,"href":"https:\/\/rdnews.al\/index.php\/wp-json\/wp\/v2\/posts\/82758\/revisions"}],"wp:featuredmedia":[{"embeddable":true,"href":"https:\/\/rdnews.al\/index.php\/wp-json\/wp\/v2\/media\/82759"}],"wp:attachment":[{"href":"https:\/\/rdnews.al\/index.php\/wp-json\/wp\/v2\/media?parent=82758"}],"wp:term":[{"taxonomy":"category","embeddable":true,"href":"https:\/\/rdnews.al\/index.php\/wp-json\/wp\/v2\/categories?post=82758"},{"taxonomy":"post_tag","embeddable":true,"href":"https:\/\/rdnews.al\/index.php\/wp-json\/wp\/v2\/tags?post=82758"}],"curies":[{"name":"wp","href":"https:\/\/api.w.org\/{rel}","templated":true}]}}