{"id":82761,"date":"2024-06-21T12:40:22","date_gmt":"2024-06-21T12:40:22","guid":{"rendered":"https:\/\/rdnews.al\/?p=82761"},"modified":"2024-06-21T12:40:22","modified_gmt":"2024-06-21T12:40:22","slug":"maska-e-mbappe-pushton-rrjetin-por-uefa-nuk-e-lejon-te-luaje-me-te","status":"publish","type":"post","link":"https:\/\/rdnews.al\/index.php\/2024\/06\/21\/maska-e-mbappe-pushton-rrjetin-por-uefa-nuk-e-lejon-te-luaje-me-te\/","title":{"rendered":"Maska e Mbappe pushton rrjetin, por UEFA nuk e lejon t\u00eb luaj\u00eb me t\u00eb"},"content":{"rendered":"<p>Stafi mjek\u00ebsor i Franc\u00ebs po b\u00ebn gjith\u00e7ka q\u00eb \u00ebsht\u00eb e mundur p\u00ebr t\u00eb v\u00ebn\u00eb Kylian Mbappe n\u00ebn urdhrat e Didier Deschamps n\u00eb ndeshjen e sotme p\u00ebrball\u00eb Holand\u00ebs.<\/p>\n<p>Edhe pse hunda e tij u thye dhe u la n\u00eb gjak pas p\u00ebrplasjes me nj\u00eb nga mbrojt\u00ebsit e Asutris\u00eb n\u00eb ndeshjen e par\u00eb n\u00eb grup, Mbappe ia ka dal\u00eb t\u00eb shmang\u00eb operimin dhe pasditen e djeshme u st\u00ebrvit me shok\u00ebt, duke p\u00ebrdorur nj\u00eb mask\u00eb.<\/p>\n<p>\u201cMbapp\u00e9 u st\u00ebrvit dje dhe sot, k\u00ebshtu q\u00eb do t\u00eb shohim dhe do t\u00eb b\u00ebjm\u00eb gjith\u00e7ka me stafin mjek\u00ebsor q\u00eb ta kemi at\u00eb n\u00eb dispozicion p\u00ebr nes\u00ebr. Si t\u00eb gjith\u00eb lojtar\u00ebt ai d\u00ebshiron t\u00eb jet\u00eb n\u00eb fush\u00eb. Ai pati nj\u00eb d\u00ebmtim t\u00eb r\u00ebnd\u00eb, por hunda e tij nuk \u00ebsht\u00eb aq delikate sa ky\u00e7et e k\u00ebmb\u00ebs apo gjunj\u00ebt. Mbapp\u00e9\u00a0\u00ebsht\u00eb m\u00eb mir\u00eb, ne do t\u00eb vendosim nes\u00ebr n\u00ebse ai mund t\u00eb luaj\u00eb. Gjith\u00e7ka po shkon n\u00eb drejtimin e duhur pas goditjes q\u00eb mori dhe pasojave q\u00eb pati. Gjith\u00e7ka duket se po evoluon n\u00eb nj\u00eb drejtim pozitiv, por le t\u00eb shohim\u201d, tha tekniku i Transalpin\u00ebve.<\/p>\n<p>N\u00eb prag t\u00eb ndeshjes ndaj Holand\u00ebs n\u00eb Leipzig, vendimtare p\u00ebr kryesimin e grupit D t\u00eb Euro 2024, sulmuesi i Real Madridit ka p\u00ebrdorur nj\u00eb mask\u00eb mbrojt\u00ebse trikolore, me ngjyrat e flamurit francez, simbolin e \u201cGjelave\u201d dhe inicialet e tij t\u00eb shkruara n\u00eb t\u00eb.<\/p>\n<p>Fotot e Mbappe nga st\u00ebrvitja e Franc\u00ebs kan\u00eb b\u00ebr\u00eb xhiron e rrjetit, pasi sulmuesi tashm\u00eb ngjan pothuajse si personazhi me t\u00eb cilin \u00ebsht\u00eb krahasuar p\u00ebr pamjen fizike, breshka-ninxha e filmave t\u00eb animuar, me emrin Donatello.<\/p>\n<p>Pavar\u00ebsisht se maska e Mbappe \u00ebsht\u00eb b\u00ebr\u00eb virale, ylli i Franc\u00ebs nuk do t\u00eb lejohet t\u00eb zbres\u00eb n\u00eb fush\u00eb me t\u00eb. Kjo pasi, rregullat e UEFA-s p\u00ebrcaktojn\u00eb se futbollist\u00ebt lejohen t\u00eb mbajn\u00eb mask\u00eb me vet\u00ebm nj\u00eb ngjyr\u00eb, p\u00ebrve\u00e7 rasteve kur b\u00ebhet nj\u00eb p\u00ebrjashtim i ve\u00e7ant\u00eb.<\/p>\n<p>\u201cPajisjet mjek\u00ebsore t\u00eb veshura n\u00eb fush\u00ebn e loj\u00ebs duhet t\u00eb jen\u00eb nj\u00eb ngjyr\u00eb dhe pa identifikimin e ekipit dhe prodhuesit\u201d, thuhet n\u00eb nj\u00eb pjes\u00eb t\u00eb rregullores s\u00eb UEFA-s.<\/p>\n","protected":false},"excerpt":{"rendered":"<p>Stafi mjek\u00ebsor i Franc\u00ebs po b\u00ebn gjith\u00e7ka q\u00eb \u00ebsht\u00eb e mundur p\u00ebr t\u00eb v\u00ebn\u00eb Kylian Mbappe n\u00ebn urdhrat e Didier Deschamps n\u00eb ndeshjen e sotme p\u00ebrball\u00eb Holand\u00ebs. Edhe pse hunda e tij u thye dhe u la n\u00eb gjak pas p\u00ebrplasjes me nj\u00eb nga mbrojt\u00ebsit e Asutris\u00eb n\u00eb ndeshjen e par\u00eb n\u00eb grup, Mbappe ia &hellip;<\/p>\n","protected":false},"author":4,"featured_media":82704,"comment_status":"closed","ping_status":"closed","sticky":false,"template":"","format":"standard","meta":{"footnotes":""},"categories":[39],"tags":[],"class_list":["post-82761","post","type-post","status-publish","format-standard","has-post-thumbnail","","category-sport"],"_links":{"self":[{"href":"https:\/\/rdnews.al\/index.php\/wp-json\/wp\/v2\/posts\/82761","targetHints":{"allow":["GET"]}}],"collection":[{"href":"https:\/\/rdnews.al\/index.php\/wp-json\/wp\/v2\/posts"}],"about":[{"href":"https:\/\/rdnews.al\/index.php\/wp-json\/wp\/v2\/types\/post"}],"author":[{"embeddable":true,"href":"https:\/\/rdnews.al\/index.php\/wp-json\/wp\/v2\/users\/4"}],"replies":[{"embeddable":true,"href":"https:\/\/rdnews.al\/index.php\/wp-json\/wp\/v2\/comments?post=82761"}],"version-history":[{"count":0,"href":"https:\/\/rdnews.al\/index.php\/wp-json\/wp\/v2\/posts\/82761\/revisions"}],"wp:featuredmedia":[{"embeddable":true,"href":"https:\/\/rdnews.al\/index.php\/wp-json\/wp\/v2\/media\/82704"}],"wp:attachment":[{"href":"https:\/\/rdnews.al\/index.php\/wp-json\/wp\/v2\/media?parent=82761"}],"wp:term":[{"taxonomy":"category","embeddable":true,"href":"https:\/\/rdnews.al\/index.php\/wp-json\/wp\/v2\/categories?post=82761"},{"taxonomy":"post_tag","embeddable":true,"href":"https:\/\/rdnews.al\/index.php\/wp-json\/wp\/v2\/tags?post=82761"}],"curies":[{"name":"wp","href":"https:\/\/api.w.org\/{rel}","templated":true}]}}