{"id":82763,"date":"2024-06-21T13:20:06","date_gmt":"2024-06-21T13:20:06","guid":{"rendered":"https:\/\/rdnews.al\/?p=82763"},"modified":"2024-06-21T13:20:06","modified_gmt":"2024-06-21T13:20:06","slug":"pse-meta-vendosi-te-divorcohet-me-kryemadhin","status":"publish","type":"post","link":"https:\/\/rdnews.al\/index.php\/2024\/06\/21\/pse-meta-vendosi-te-divorcohet-me-kryemadhin\/","title":{"rendered":"Pse Meta vendosi t\u00eb divorcohet me Kryemadhin"},"content":{"rendered":"<p>Presidenti i Partis\u00eb s\u00eb Liris\u00eb Ilir Meta nga selia e PL-s\u00eb ka folur s\u00ebrish p\u00ebr divorcin e tij me Monika Kryemadhin.<\/p>\n<div id=\"rekl-28\">\n<div id=\"__sap-ad-14\" class=\"__sap-ads __sap-html inline tracked\" data-title=\"Credins Mobile brenda lajmit\"><ins><\/p>\n<div id=\"beacon_db086b13eb\">Meta tha se q\u00ebndrimet e Kryemadhit kan\u00eb d\u00ebmtuar kauzat e Partis\u00eb s\u00eb Liris\u00eb. Ai tha se e ka marr\u00eb k\u00ebt\u00eb vendim, p\u00ebr t\u2019i shkuar deri n\u00eb fund betej\u00ebs me mafien nd\u00ebrkomb\u00ebtare dhe mercenar\u00ebve vendas.<\/div>\n<p><\/ins><\/div>\n<\/div>\n<div id=\"rekl-13\"><\/div>\n<div id=\"rekl-4\">\n<div id=\"__sap-ad-700\" class=\"__sap-ads __sap-image inline tracked\" data-title=\"NOA MOBILE BL\">Ilir Meta; Ju jeni njohur me vendimin tim p\u00ebr divorcin, \u00ebsht\u00eb motivuar nga papajtueshme n\u00eb raport me t\u00eb ardhmen e Shqip\u00ebris\u00eb. Q\u00ebndrimet e saj jan\u00eb t\u00eb kund\u00ebrta n\u00eb raport me linj\u00ebn e parties dhe kan\u00eb shkaktuar probleme t\u00eb shumta. Nuk po ndahem me nj\u00eb grua p\u00ebr grua tjet\u00ebr, por p\u00ebr t\u00eb p\u00ebrmbushur kauzat q\u00eb kam. Iu k\u00ebrkoj ndjes\u00eb tre f\u00ebmij\u00ebve t\u00eb mrekulluesh\u00ebm dhe prind\u00ebrve t\u00eb mi.<\/div>\n<\/div>\n<div id=\"rekl-42\">\n<div id=\"__sap-ad-704\" class=\"__sap-ads __sap-image inline tracked\" data-title=\"SPAR MOBILE BRENDA LAJMIT\">E mora k\u00ebt\u00eb vendim q\u00eb t\u2019i shkoj deri n\u00eb fund betej\u00ebs me mafien. Interesi komb\u00ebtar ka mbizot\u00ebruar tek politikat e mia. E gjith\u00eb jeta ime politike i \u00ebsht\u00eb kushtuar integrimit europian t\u00eb Shqip\u00ebris\u00eb. Iu jam kushtuar idealeve t\u00eb popullit t\u00eb 2 marsit, ne do t\u00eb luftojm\u00eb k\u00ebt\u00eb betej\u00eb ndaj mafies nd\u00ebrkomb\u00ebtare dhe mercenar\u00ebve vendas.<\/div>\n<\/div>\n","protected":false},"excerpt":{"rendered":"<p>Presidenti i Partis\u00eb s\u00eb Liris\u00eb Ilir Meta nga selia e PL-s\u00eb ka folur s\u00ebrish p\u00ebr divorcin e tij me Monika Kryemadhin. Meta tha se q\u00ebndrimet e Kryemadhit kan\u00eb d\u00ebmtuar kauzat e Partis\u00eb s\u00eb Liris\u00eb. Ai tha se e ka marr\u00eb k\u00ebt\u00eb vendim, p\u00ebr t\u2019i shkuar deri n\u00eb fund betej\u00ebs me mafien nd\u00ebrkomb\u00ebtare dhe mercenar\u00ebve vendas. &hellip;<\/p>\n","protected":false},"author":3,"featured_media":82764,"comment_status":"closed","ping_status":"closed","sticky":false,"template":"","format":"standard","meta":{"footnotes":""},"categories":[40],"tags":[],"class_list":["post-82763","post","type-post","status-publish","format-standard","has-post-thumbnail","","category-aktualitet"],"_links":{"self":[{"href":"https:\/\/rdnews.al\/index.php\/wp-json\/wp\/v2\/posts\/82763","targetHints":{"allow":["GET"]}}],"collection":[{"href":"https:\/\/rdnews.al\/index.php\/wp-json\/wp\/v2\/posts"}],"about":[{"href":"https:\/\/rdnews.al\/index.php\/wp-json\/wp\/v2\/types\/post"}],"author":[{"embeddable":true,"href":"https:\/\/rdnews.al\/index.php\/wp-json\/wp\/v2\/users\/3"}],"replies":[{"embeddable":true,"href":"https:\/\/rdnews.al\/index.php\/wp-json\/wp\/v2\/comments?post=82763"}],"version-history":[{"count":0,"href":"https:\/\/rdnews.al\/index.php\/wp-json\/wp\/v2\/posts\/82763\/revisions"}],"wp:featuredmedia":[{"embeddable":true,"href":"https:\/\/rdnews.al\/index.php\/wp-json\/wp\/v2\/media\/82764"}],"wp:attachment":[{"href":"https:\/\/rdnews.al\/index.php\/wp-json\/wp\/v2\/media?parent=82763"}],"wp:term":[{"taxonomy":"category","embeddable":true,"href":"https:\/\/rdnews.al\/index.php\/wp-json\/wp\/v2\/categories?post=82763"},{"taxonomy":"post_tag","embeddable":true,"href":"https:\/\/rdnews.al\/index.php\/wp-json\/wp\/v2\/tags?post=82763"}],"curies":[{"name":"wp","href":"https:\/\/api.w.org\/{rel}","templated":true}]}}