{"id":82837,"date":"2024-06-22T18:08:15","date_gmt":"2024-06-22T18:08:15","guid":{"rendered":"https:\/\/rdnews.al\/?p=82837"},"modified":"2024-06-22T18:08:15","modified_gmt":"2024-06-22T18:08:15","slug":"sylvinho-pritet-te-bej-3-ndryshime-ne-formacion-ndaj-spanjes","status":"publish","type":"post","link":"https:\/\/rdnews.al\/index.php\/2024\/06\/22\/sylvinho-pritet-te-bej-3-ndryshime-ne-formacion-ndaj-spanjes\/","title":{"rendered":"Sylvinho pritet t\u00eb b\u00ebj 3 ndryshime n\u00eb formacion ndaj Spanj\u00ebs"},"content":{"rendered":"<p>Ndeshja me Spanj\u00ebn konsiderohet nj\u00eb \u201cfinale\u201d e madhe p\u00ebr Shqip\u00ebrin\u00eb.<\/p>\n<p>\u201cKuqezinjt\u00eb\u201d mbr\u00ebmjen e s\u00eb h\u00ebn\u00ebs do t\u00eb luajn\u00eb sfid\u00ebn m\u00eb t\u00eb r\u00ebnd\u00ebsishme n\u00eb Euro 2024, takim ky q\u00eb vendos edhe fatet e Komb\u00ebtares n\u00eb k\u00ebt\u00eb turne.<\/p>\n<p>Sfida do t\u00eb luhet n\u00eb or\u00ebn 21:00 dit\u00ebn e h\u00ebn\u00eb n\u00eb stadiumin\u00a0\u201cMerkur Spiel-Arena\u201d n\u00eb Dusseldorf.<\/p>\n<p>Sylvinho dhe \u201cdjemt\u00eb\u201d e tij do t\u00eb k\u00ebrkojn\u00eb fitoren ndaj iberik\u00ebve, me k\u00ebto t\u00eb fundit q\u00eb kan\u00eb siguruar kualifikimin p\u00ebr n\u00eb faz\u00ebn tjet\u00ebr si t\u00eb par\u00ebt e grupit B.<\/p>\n<p>Tashm\u00eb me 1 pik\u00eb n\u00eb grup, Shqip\u00ebria ka shansin e fundit p\u00ebr t\u00eb k\u00ebrkuar fitoren, e cila do t\u2019i kualifikonte p\u00ebr n\u00eb \u201cPlay\u201d-Off\u201d.<\/p>\n<p>Braziliani prej dit\u00ebsh vazhdon p\u00ebrgatitjet p\u00ebr k\u00ebt\u00eb superndeshje.<\/p>\n<p>Ndaj \u201cFuris\u00eb s\u00eb Kuqe\u201d timonieri i kuqezinjve pritet t\u00eb b\u00ebj\u00eb 3 ndryshime n\u00eb formacion, teksa pritet t\u00eb hedh\u00eb n\u00eb fush\u00ebn e loj\u00ebs gjith\u00eb \u201carsenalin\u201d kuqezi.<\/p>\n<p>K\u00ebshtu duke para paraqitjen e lojtar\u00ebve n\u00eb sfid\u00ebn me Italin\u00eb dhe Kroacin\u00eb, Sylvinho pritet t\u00eb ul\u00eb n\u00eb stol 3 lojtar\u00eb.<\/p>\n<p>K\u00ebshtu Hysaj mund ta nis\u00eb nga stoli dhe vendin e tij pritet ta marr\u00eb Ivan Balliu. Nd\u00ebrkoh\u00eb n\u00eb repartin e sulmit priten dy ndryshimet e tjera.<\/p>\n<p>Arb\u00ebr Hoxha duket se m\u00eb n\u00eb fund mund ta nis\u00eb si titullar\u00eb, teksa pritet t\u00eb marr\u00eb vendin e Jasir Asanit, nd\u00ebrsa n\u00eb maj\u00ebn e sulmit do t\u00eb rikthehet n\u00eb formacion Armando Broja, me Rey Manaj q\u00eb duhet ta nis\u00eb nga stoli.<\/p>\n","protected":false},"excerpt":{"rendered":"<p>Ndeshja me Spanj\u00ebn konsiderohet nj\u00eb \u201cfinale\u201d e madhe p\u00ebr Shqip\u00ebrin\u00eb. \u201cKuqezinjt\u00eb\u201d mbr\u00ebmjen e s\u00eb h\u00ebn\u00ebs do t\u00eb luajn\u00eb sfid\u00ebn m\u00eb t\u00eb r\u00ebnd\u00ebsishme n\u00eb Euro 2024, takim ky q\u00eb vendos edhe fatet e Komb\u00ebtares n\u00eb k\u00ebt\u00eb turne. Sfida do t\u00eb luhet n\u00eb or\u00ebn 21:00 dit\u00ebn e h\u00ebn\u00eb n\u00eb stadiumin\u00a0\u201cMerkur Spiel-Arena\u201d n\u00eb Dusseldorf. Sylvinho dhe \u201cdjemt\u00eb\u201d e &hellip;<\/p>\n","protected":false},"author":4,"featured_media":82838,"comment_status":"closed","ping_status":"closed","sticky":false,"template":"","format":"standard","meta":{"footnotes":""},"categories":[39],"tags":[],"class_list":["post-82837","post","type-post","status-publish","format-standard","has-post-thumbnail","","category-sport"],"_links":{"self":[{"href":"https:\/\/rdnews.al\/index.php\/wp-json\/wp\/v2\/posts\/82837","targetHints":{"allow":["GET"]}}],"collection":[{"href":"https:\/\/rdnews.al\/index.php\/wp-json\/wp\/v2\/posts"}],"about":[{"href":"https:\/\/rdnews.al\/index.php\/wp-json\/wp\/v2\/types\/post"}],"author":[{"embeddable":true,"href":"https:\/\/rdnews.al\/index.php\/wp-json\/wp\/v2\/users\/4"}],"replies":[{"embeddable":true,"href":"https:\/\/rdnews.al\/index.php\/wp-json\/wp\/v2\/comments?post=82837"}],"version-history":[{"count":0,"href":"https:\/\/rdnews.al\/index.php\/wp-json\/wp\/v2\/posts\/82837\/revisions"}],"wp:featuredmedia":[{"embeddable":true,"href":"https:\/\/rdnews.al\/index.php\/wp-json\/wp\/v2\/media\/82838"}],"wp:attachment":[{"href":"https:\/\/rdnews.al\/index.php\/wp-json\/wp\/v2\/media?parent=82837"}],"wp:term":[{"taxonomy":"category","embeddable":true,"href":"https:\/\/rdnews.al\/index.php\/wp-json\/wp\/v2\/categories?post=82837"},{"taxonomy":"post_tag","embeddable":true,"href":"https:\/\/rdnews.al\/index.php\/wp-json\/wp\/v2\/tags?post=82837"}],"curies":[{"name":"wp","href":"https:\/\/api.w.org\/{rel}","templated":true}]}}