{"id":83031,"date":"2024-06-25T09:31:00","date_gmt":"2024-06-25T09:31:00","guid":{"rendered":"https:\/\/rdnews.al\/?p=83031"},"modified":"2024-06-25T09:34:04","modified_gmt":"2024-06-25T09:34:04","slug":"berisha-mesazh-ngushellimi-per-poetin-e-shquar-atdhetarin-dhe-shpirtin-e-lire-agim-doci","status":"publish","type":"post","link":"https:\/\/rdnews.al\/index.php\/2024\/06\/25\/berisha-mesazh-ngushellimi-per-poetin-e-shquar-atdhetarin-dhe-shpirtin-e-lire-agim-doci\/","title":{"rendered":"Berisha, mesazh ngush\u00ebllimi p\u00ebr poetin, atdhetarin dhe shpirtin e lir\u00eb, Agim Do\u00e7i"},"content":{"rendered":"<p>Kryetari i PD, Sali Berisha i shpreh ngush\u00ebllimet familjes p\u00ebr ndarjen nga jeta t\u00eb poetit Agim Do\u00e7i. Berisha e ka vler\u00ebsuar figur\u00ebn e Do\u00e7it p\u00ebr kontributin e tij t\u00eb shquar n\u00eb kultur\u00ebn shqiptar, duke evidentuar faktin q\u00eb ai ishte &#8220;atdhetar, shpirt i lir\u00eb, mb\u00ebshtet\u00ebs i pal\u00ebkundur i demokracis\u00eb.<\/p>\n<p><strong>Mesazhi i ngush\u00ebllimit<\/strong><\/p>\n<p>Agim Do\u00e7i poet i k\u00ebng\u00ebs, mbylli syt\u00eb p\u00ebrgjithmon\u00eb.<\/p>\n<p>T\u00eb dashur miq, dielli per\u00ebndoi p\u00ebrgjithmon\u00eb p\u00ebr shkrimtarin, poetin e shquar, autorin e vargjeve poetike t\u00eb qindra k\u00ebng\u00ebve nga m\u00eb t\u00eb bukurat, publicistin, polemistin, intelektualin atdhetar e me shpirt t\u00eb lir\u00eb, mb\u00ebshtet\u00ebsin e pa l\u00ebkundur t\u00eb demokracis\u00eb, Agim Do\u00e7i. Ai nuk do t\u00eb jet\u00eb m\u00eb midis nesh, por jeton dhe do jetoj\u00eb gjithmon\u00eb n\u00eb veprat e tij. Duke shprehur nderim dhe mir\u00ebnjohje t\u00eb thell\u00eb p\u00ebr kontributin e tij t\u00eb \u00e7muar, shpreh ngush\u00ebllimet e mia m\u00eb t\u00eb ndjera familjes, miqve, t\u00eb af\u00ebrm\u00ebve t\u00eb Agim Do\u00e7it dhe lutem s\u00eb bashku me ta q\u00eb shpirti i mir\u00eb i tij t\u00eb gjej\u00eb paqen e amshuar. Amin. <a href=\"https:\/\/www.facebook.com\/hashtag\/sb?__eep__=6&amp;__cft__%5b0%5d=AZWiEoyzOd8KugFiFSgsgWvFNmJZGEvNySAm42XWgDIUrYJMOnSdYitiQyt10NZRBOyRaYG9I-kSZtVK8kQ64-WotITXh3FwWYzCO4Ier-7KzHd4vy5voGQntpK2IQEGIHMK7DadI5lSwGRqnuWKskSWOtUYDcoEgS_l8AQuHesRUWDQym_Npi7_drFDbMNeDiSJf0iF7aB3yKs8IT0kZpMz&amp;__tn__=*NK-R\" target=\"_blank\" rel=\"noopener\">#sb<\/a><\/p>\n","protected":false},"excerpt":{"rendered":"<p>Kryetari i PD, Sali Berisha i shpreh ngush\u00ebllimet familjes p\u00ebr ndarjen nga jeta t\u00eb poetit Agim Do\u00e7i. Berisha e ka vler\u00ebsuar figur\u00ebn e Do\u00e7it p\u00ebr kontributin e tij t\u00eb shquar n\u00eb kultur\u00ebn shqiptar, duke evidentuar faktin q\u00eb ai ishte &#8220;atdhetar, shpirt i lir\u00eb, mb\u00ebshtet\u00ebs i pal\u00ebkundur i demokracis\u00eb. Mesazhi i ngush\u00ebllimit Agim Do\u00e7i poet i &hellip;<\/p>\n","protected":false},"author":4,"featured_media":83037,"comment_status":"closed","ping_status":"closed","sticky":false,"template":"","format":"standard","meta":{"footnotes":""},"categories":[37],"tags":[],"class_list":["post-83031","post","type-post","status-publish","format-standard","has-post-thumbnail","","category-politike"],"_links":{"self":[{"href":"https:\/\/rdnews.al\/index.php\/wp-json\/wp\/v2\/posts\/83031","targetHints":{"allow":["GET"]}}],"collection":[{"href":"https:\/\/rdnews.al\/index.php\/wp-json\/wp\/v2\/posts"}],"about":[{"href":"https:\/\/rdnews.al\/index.php\/wp-json\/wp\/v2\/types\/post"}],"author":[{"embeddable":true,"href":"https:\/\/rdnews.al\/index.php\/wp-json\/wp\/v2\/users\/4"}],"replies":[{"embeddable":true,"href":"https:\/\/rdnews.al\/index.php\/wp-json\/wp\/v2\/comments?post=83031"}],"version-history":[{"count":0,"href":"https:\/\/rdnews.al\/index.php\/wp-json\/wp\/v2\/posts\/83031\/revisions"}],"wp:featuredmedia":[{"embeddable":true,"href":"https:\/\/rdnews.al\/index.php\/wp-json\/wp\/v2\/media\/83037"}],"wp:attachment":[{"href":"https:\/\/rdnews.al\/index.php\/wp-json\/wp\/v2\/media?parent=83031"}],"wp:term":[{"taxonomy":"category","embeddable":true,"href":"https:\/\/rdnews.al\/index.php\/wp-json\/wp\/v2\/categories?post=83031"},{"taxonomy":"post_tag","embeddable":true,"href":"https:\/\/rdnews.al\/index.php\/wp-json\/wp\/v2\/tags?post=83031"}],"curies":[{"name":"wp","href":"https:\/\/api.w.org\/{rel}","templated":true}]}}