{"id":83051,"date":"2024-06-25T10:32:30","date_gmt":"2024-06-25T10:32:30","guid":{"rendered":"https:\/\/rdnews.al\/?p=83051"},"modified":"2024-06-25T10:32:30","modified_gmt":"2024-06-25T10:32:30","slug":"cfare-momenti-i-papershtatshem","status":"publish","type":"post","link":"https:\/\/rdnews.al\/index.php\/2024\/06\/25\/cfare-momenti-i-papershtatshem\/","title":{"rendered":"\u00c7far\u00eb momenti i pap\u00ebrshtatsh\u00ebm&#8230;"},"content":{"rendered":"<p><strong>BILD<\/strong><\/p>\n<p>Luka Modri\u00e7 dhe kroat\u00ebt e tij p\u00ebsuan golim e barazimit 1-1 kund\u00ebr Italis\u00eb n\u00eb minut\u00ebn e 98-t\u00eb.<\/p>\n<p>Goli do t\u00eb thot\u00eb se Kroacia \u00ebsht\u00eb pothuajse jasht\u00eb kampionatit evropian.<\/p>\n<p>Madje mesfushori i Real Madridit derdhi edhe lot n\u00eb fush\u00eb.<\/p>\n<p>Por m\u00eb pas Modri\u00e7 duhej t\u00eb largohej p\u00ebr t\u00eb marr\u00eb \u00e7mimin e lojtarit t\u00eb ndeshjes nga UEFA.<\/p>\n<p>Modri\u00e7 q\u00ebndronte para kamer\u00ebs me syt\u00eb e skuqur ende p\u00ebr t\u00eb b\u00ebr\u00eb foton zyrtare. Ai nuk dukej shum\u00eb i lumtur q\u00eb duhej t\u00eb shkonte p\u00ebr t\u00eb b\u00ebr\u00eb sesionin fotografik pik\u00ebrisht n\u00eb ato \u00e7aste.<\/p>\n<p>A e ka seriozisht UEFA q\u00eb kroati duhej t\u00eb shkonte p\u00ebr t\u00eb marr\u00eb nj\u00eb \u00e7mim n\u00eb momentin e nj\u00eb trishtimi kaq t\u00eb madh?!<\/p>\n<p>Mesa duket po!<\/p>\n<p>Modri\u00e7 u fut menj\u00ebher\u00eb n\u00eb dhomat e zhveshjes pas \u00e7mimit.<\/p>\n<p>Atje ishte n\u00eb gjendje q\u00eb t\u00eb shfrynte trishtimin e tij- pa nderimet dhe kamerat e UEFA-s.<\/p>\n<p>Kroati tha m\u00eb von\u00eb: \u201cFutbolli mund t\u00eb jet\u00eb shum\u00eb mizor. Un\u00eb dua t\u00eb luaj futboll p\u00ebrgjithmon\u00eb, por ne e dim\u00eb se kjo \u00ebsht\u00eb e pamundur. Nj\u00eb dit\u00eb do t\u00eb m\u00eb duhet t\u00eb njoftoj t\u00ebrheqjen time nga sporti, por nuk e di se kur do t\u00eb ndodh\u00eb\u201d.<\/p>\n","protected":false},"excerpt":{"rendered":"<p>BILD Luka Modri\u00e7 dhe kroat\u00ebt e tij p\u00ebsuan golim e barazimit 1-1 kund\u00ebr Italis\u00eb n\u00eb minut\u00ebn e 98-t\u00eb. Goli do t\u00eb thot\u00eb se Kroacia \u00ebsht\u00eb pothuajse jasht\u00eb kampionatit evropian. Madje mesfushori i Real Madridit derdhi edhe lot n\u00eb fush\u00eb. Por m\u00eb pas Modri\u00e7 duhej t\u00eb largohej p\u00ebr t\u00eb marr\u00eb \u00e7mimin e lojtarit t\u00eb ndeshjes nga &hellip;<\/p>\n","protected":false},"author":4,"featured_media":83052,"comment_status":"closed","ping_status":"closed","sticky":false,"template":"","format":"standard","meta":{"footnotes":""},"categories":[39],"tags":[],"class_list":["post-83051","post","type-post","status-publish","format-standard","has-post-thumbnail","","category-sport"],"_links":{"self":[{"href":"https:\/\/rdnews.al\/index.php\/wp-json\/wp\/v2\/posts\/83051","targetHints":{"allow":["GET"]}}],"collection":[{"href":"https:\/\/rdnews.al\/index.php\/wp-json\/wp\/v2\/posts"}],"about":[{"href":"https:\/\/rdnews.al\/index.php\/wp-json\/wp\/v2\/types\/post"}],"author":[{"embeddable":true,"href":"https:\/\/rdnews.al\/index.php\/wp-json\/wp\/v2\/users\/4"}],"replies":[{"embeddable":true,"href":"https:\/\/rdnews.al\/index.php\/wp-json\/wp\/v2\/comments?post=83051"}],"version-history":[{"count":0,"href":"https:\/\/rdnews.al\/index.php\/wp-json\/wp\/v2\/posts\/83051\/revisions"}],"wp:featuredmedia":[{"embeddable":true,"href":"https:\/\/rdnews.al\/index.php\/wp-json\/wp\/v2\/media\/83052"}],"wp:attachment":[{"href":"https:\/\/rdnews.al\/index.php\/wp-json\/wp\/v2\/media?parent=83051"}],"wp:term":[{"taxonomy":"category","embeddable":true,"href":"https:\/\/rdnews.al\/index.php\/wp-json\/wp\/v2\/categories?post=83051"},{"taxonomy":"post_tag","embeddable":true,"href":"https:\/\/rdnews.al\/index.php\/wp-json\/wp\/v2\/tags?post=83051"}],"curies":[{"name":"wp","href":"https:\/\/api.w.org\/{rel}","templated":true}]}}