{"id":83054,"date":"2024-06-25T10:37:33","date_gmt":"2024-06-25T10:37:33","guid":{"rendered":"https:\/\/rdnews.al\/?p=83054"},"modified":"2024-06-25T10:37:33","modified_gmt":"2024-06-25T10:37:33","slug":"bild-shqiperia-ka-nisur-te-enderroje-qe-tani-per-kupen-e-botes","status":"publish","type":"post","link":"https:\/\/rdnews.al\/index.php\/2024\/06\/25\/bild-shqiperia-ka-nisur-te-enderroje-qe-tani-per-kupen-e-botes\/","title":{"rendered":"BILD: Shqip\u00ebria ka nisur t\u00eb \u00ebnd\u00ebrroj\u00eb q\u00eb tani p\u00ebr Kup\u00ebn e Bot\u00ebs"},"content":{"rendered":"<p>Ata ishin nj\u00eb pasuri absolute p\u00ebr k\u00ebt\u00eb kampionat evropian \u2013 pas humbjes 0-1 ndaj Spanj\u00ebs, turneu tashm\u00eb ka p\u00ebrfunduar p\u00ebr Shqip\u00ebrin\u00eb, e cila u kualifikua n\u00eb finalet e Kampionatit Evropian vet\u00ebm p\u00ebr her\u00eb t\u00eb dyt\u00eb pas vitit 2016.<\/p>\n<p>Ashtu si n\u00eb ndeshjet kund\u00ebr Italis\u00eb (1:2) dhe Kroacis\u00eb (2:2), tifoz\u00ebt shqiptar\u00eb b\u00ebn\u00eb q\u00eb ndeshja n\u00eb D\u00fcsseldorf Arena t\u00eb dukej sikur luhej n\u00eb sht\u00ebpin\u00eb e tyre.<\/p>\n<p>Zonat e shikimit publik n\u00eb D\u00fcsseldorf madje duhej t\u00eb mbylleshin para fillimit p\u00ebr shkak t\u00eb dyndjes s\u00eb tifoz\u00ebve shqiptar\u00eb q\u00eb nuk mund t\u00eb gjenin m\u00eb bileta p\u00ebr ndeshjen.<\/p>\n<p>Trajneri i Shqip\u00ebris\u00eb Sylvinho (50 vje\u00e7): \u201cJam krenar p\u00ebr lojtar\u00ebt, jam krenar p\u00ebr vendin. Lojtar\u00ebt tan\u00eb besuan n\u00eb rrug\u00ebn ton\u00eb. Ne arrit\u00ebm t\u00eb p\u00ebrballojm\u00eb tre skuadra t\u00eb m\u00ebdha\u201d.<\/p>\n<p>Trajneri brazilian, i cili drejton Shqip\u00ebrin\u00eb q\u00eb nga viti 2023, pranoi se pas shortit t\u00eb grupeve filloi t\u00eb dyshonte n\u00ebse ekipi i tij ishte gati p\u00ebr t&#8217;u p\u00ebrballur me k\u00ebta kund\u00ebrshtar\u00eb.<\/p>\n<p>Sylvinho: \u201cKam pasur shum\u00eb net pa gjum\u00eb. Ne kemi punuar p\u00ebr k\u00ebt\u00eb p\u00ebr kat\u00ebr ose pes\u00eb muaj para turneut. Kam \u00ebnd\u00ebrruar q\u00eb do t\u00eb sh\u00ebnonim nj\u00eb gol ndaj k\u00ebtyre kund\u00ebrshtar\u00ebve. Ne dham\u00eb gjith\u00e7ka n\u00eb fush\u00eb \u2013 jam shum\u00eb krenar p\u00ebr ekipin tim\u201d.<\/p>\n<p>P\u00ebr t\u00eb cilat tani ka synime edhe m\u00eb t\u00eb m\u00ebdha \u2013 deri m\u00eb tani Shqip\u00ebria nuk ka arritur t\u00eb marr\u00eb pjes\u00eb asnj\u00ebher\u00eb n\u00eb Bot\u00ebror. M\u00eb n\u00eb fund do t\u00eb vij\u00eb koha n\u00eb vitin 2026 n\u00eb Kup\u00ebn e Bot\u00ebs n\u00eb SHBA, Kanada dhe Meksik\u00eb, ku do t\u00eb lejohen t\u00eb marrin pjes\u00eb p\u00ebr her\u00eb t\u00eb par\u00eb 48 ekipe!<\/p>\n<p>Sylvinho e thot\u00eb qart\u00eb: \u201cQ\u00ebllimi i federat\u00ebs \u00ebsht\u00eb t\u00eb marr\u00eb pjes\u00eb n\u00eb turne t\u00eb m\u00ebdhenj \u2013 dhe sigurisht kjo p\u00ebrfshin Kup\u00ebn e Bot\u00ebs. Ne duhet t\u00eb vazhdojm\u00eb t\u00eb rritemi. Ka ardhur koha, kemi nj\u00eb brez t\u00eb shk\u00eblqyer futbollist\u00ebsh t\u00eb rinj. Nuk e di n\u00ebse mund t\u2019ia dalim. Por mund t\u00eb garantoj se do t\u00eb punojm\u00eb shum\u00eb p\u00ebr t\u00eb arritur k\u00ebt\u00eb q\u00ebllim\u201d.<\/p>\n<p>Duhet t\u00eb ndihmoj\u00eb edhe ky kampionat europian!<\/p>\n<p>Sylvinho: \u201cLojtar\u00ebt e mi do t&#8217;i mbajn\u00eb mend ndeshjet kund\u00ebr k\u00ebtyre skuadrave t\u00eb larta p\u00ebr pjes\u00ebn tjet\u00ebr t\u00eb jet\u00ebs s\u00eb tyre. Kjo p\u00ebrvoj\u00eb \u00ebsht\u00eb e art\u00eb p\u00ebr lojtar\u00ebt e mi \u2013 kur ata t\u00eb kthehen s\u00eb shpejti n\u00eb fush\u00eb\u201d.<\/p>\n<p>&nbsp;<\/p>\n","protected":false},"excerpt":{"rendered":"<p>Ata ishin nj\u00eb pasuri absolute p\u00ebr k\u00ebt\u00eb kampionat evropian \u2013 pas humbjes 0-1 ndaj Spanj\u00ebs, turneu tashm\u00eb ka p\u00ebrfunduar p\u00ebr Shqip\u00ebrin\u00eb, e cila u kualifikua n\u00eb finalet e Kampionatit Evropian vet\u00ebm p\u00ebr her\u00eb t\u00eb dyt\u00eb pas vitit 2016. Ashtu si n\u00eb ndeshjet kund\u00ebr Italis\u00eb (1:2) dhe Kroacis\u00eb (2:2), tifoz\u00ebt shqiptar\u00eb b\u00ebn\u00eb q\u00eb ndeshja n\u00eb D\u00fcsseldorf &hellip;<\/p>\n","protected":false},"author":4,"featured_media":83055,"comment_status":"closed","ping_status":"closed","sticky":false,"template":"","format":"standard","meta":{"footnotes":""},"categories":[39],"tags":[],"class_list":["post-83054","post","type-post","status-publish","format-standard","has-post-thumbnail","","category-sport"],"_links":{"self":[{"href":"https:\/\/rdnews.al\/index.php\/wp-json\/wp\/v2\/posts\/83054","targetHints":{"allow":["GET"]}}],"collection":[{"href":"https:\/\/rdnews.al\/index.php\/wp-json\/wp\/v2\/posts"}],"about":[{"href":"https:\/\/rdnews.al\/index.php\/wp-json\/wp\/v2\/types\/post"}],"author":[{"embeddable":true,"href":"https:\/\/rdnews.al\/index.php\/wp-json\/wp\/v2\/users\/4"}],"replies":[{"embeddable":true,"href":"https:\/\/rdnews.al\/index.php\/wp-json\/wp\/v2\/comments?post=83054"}],"version-history":[{"count":0,"href":"https:\/\/rdnews.al\/index.php\/wp-json\/wp\/v2\/posts\/83054\/revisions"}],"wp:featuredmedia":[{"embeddable":true,"href":"https:\/\/rdnews.al\/index.php\/wp-json\/wp\/v2\/media\/83055"}],"wp:attachment":[{"href":"https:\/\/rdnews.al\/index.php\/wp-json\/wp\/v2\/media?parent=83054"}],"wp:term":[{"taxonomy":"category","embeddable":true,"href":"https:\/\/rdnews.al\/index.php\/wp-json\/wp\/v2\/categories?post=83054"},{"taxonomy":"post_tag","embeddable":true,"href":"https:\/\/rdnews.al\/index.php\/wp-json\/wp\/v2\/tags?post=83054"}],"curies":[{"name":"wp","href":"https:\/\/api.w.org\/{rel}","templated":true}]}}