{"id":83060,"date":"2024-06-25T11:19:42","date_gmt":"2024-06-25T11:19:42","guid":{"rendered":"https:\/\/rdnews.al\/?p=83060"},"modified":"2024-06-25T11:46:38","modified_gmt":"2024-06-25T11:46:38","slug":"apeli-le-ne-fuqi-denimin-me-2-vite-burg-per-fredi-belerin","status":"publish","type":"post","link":"https:\/\/rdnews.al\/index.php\/2024\/06\/25\/apeli-le-ne-fuqi-denimin-me-2-vite-burg-per-fredi-belerin\/","title":{"rendered":"Apeli l\u00eb n\u00eb fuqi d\u00ebnimin me 2 vite burg p\u00ebr Fredi Belerin"},"content":{"rendered":"<p>Gjykata e Apelit t\u00eb Posa\u00e7\u00ebm vendosi t\u00eb d\u00ebnoj\u00eb Fredi Belerin me dy vite burg, duke l\u00ebn\u00eb k\u00ebshtu n\u00eb fuqi vendimin e GJKKO.<\/p>\n<p>Vendimi u dha nga gjyqtar\u00ebt Daniela Shirka, Ilirjana Olldashi dhe Dhimiter Lara.<\/p>\n<div class=\"jeg_ad jeg_ad_article jnews_content_inline_2_ads  \">\n<div class=\"ads-wrapper align-center \">\n<div class=\"ads_code\">Beleri k\u00ebrkoi pafaj\u00ebsi ose n\u00eb rast t\u00eb kund\u00ebrt aplikimin e nenit 59 t\u00eb kodit penal, q\u00eb parashikon pezullimin e d\u00ebnimit n\u00eb burg dhe vuajtjen e pjes\u00ebs s\u00eb mbetur t\u00eb d\u00ebnimit me sh\u00ebrbim prove. SPAK k\u00ebrkoni l\u00ebnien n\u00eb fuqi t\u00eb vendimit t\u00eb shkall\u00ebs s\u00eb par\u00eb q\u00eb e d\u00ebnoi Belerin me 2 vite burg p\u00ebr korrupsion ne zgjedhje.<\/div>\n<\/div>\n<\/div>\n<p>Nd\u00ebrkoh\u00eb, GJKKO i Apelit ka vendosur d\u00ebnimin me 4 vjet \u2018sh\u00ebrbim prove\u2019 p\u00ebr Pandeli Kokaveshin.<\/p>\n<p>Pas vendimit t\u00eb Gjykat\u00ebs, tashm\u00eb i hapet rruga zgjedhjeve t\u00eb parakohshme n\u00eb Bashkin\u00eb e Himar\u00ebs.<\/p>\n","protected":false},"excerpt":{"rendered":"<p>Gjykata e Apelit t\u00eb Posa\u00e7\u00ebm vendosi t\u00eb d\u00ebnoj\u00eb Fredi Belerin me dy vite burg, duke l\u00ebn\u00eb k\u00ebshtu n\u00eb fuqi vendimin e GJKKO. Vendimi u dha nga gjyqtar\u00ebt Daniela Shirka, Ilirjana Olldashi dhe Dhimiter Lara. Beleri k\u00ebrkoi pafaj\u00ebsi ose n\u00eb rast t\u00eb kund\u00ebrt aplikimin e nenit 59 t\u00eb kodit penal, q\u00eb parashikon pezullimin e d\u00ebnimit n\u00eb &hellip;<\/p>\n","protected":false},"author":4,"featured_media":49749,"comment_status":"closed","ping_status":"closed","sticky":false,"template":"","format":"standard","meta":{"footnotes":""},"categories":[37],"tags":[],"class_list":["post-83060","post","type-post","status-publish","format-standard","has-post-thumbnail","","category-politike"],"_links":{"self":[{"href":"https:\/\/rdnews.al\/index.php\/wp-json\/wp\/v2\/posts\/83060","targetHints":{"allow":["GET"]}}],"collection":[{"href":"https:\/\/rdnews.al\/index.php\/wp-json\/wp\/v2\/posts"}],"about":[{"href":"https:\/\/rdnews.al\/index.php\/wp-json\/wp\/v2\/types\/post"}],"author":[{"embeddable":true,"href":"https:\/\/rdnews.al\/index.php\/wp-json\/wp\/v2\/users\/4"}],"replies":[{"embeddable":true,"href":"https:\/\/rdnews.al\/index.php\/wp-json\/wp\/v2\/comments?post=83060"}],"version-history":[{"count":0,"href":"https:\/\/rdnews.al\/index.php\/wp-json\/wp\/v2\/posts\/83060\/revisions"}],"wp:featuredmedia":[{"embeddable":true,"href":"https:\/\/rdnews.al\/index.php\/wp-json\/wp\/v2\/media\/49749"}],"wp:attachment":[{"href":"https:\/\/rdnews.al\/index.php\/wp-json\/wp\/v2\/media?parent=83060"}],"wp:term":[{"taxonomy":"category","embeddable":true,"href":"https:\/\/rdnews.al\/index.php\/wp-json\/wp\/v2\/categories?post=83060"},{"taxonomy":"post_tag","embeddable":true,"href":"https:\/\/rdnews.al\/index.php\/wp-json\/wp\/v2\/tags?post=83060"}],"curies":[{"name":"wp","href":"https:\/\/api.w.org\/{rel}","templated":true}]}}