{"id":83062,"date":"2024-06-25T11:25:12","date_gmt":"2024-06-25T11:25:12","guid":{"rendered":"https:\/\/rdnews.al\/?p=83062"},"modified":"2024-06-25T11:25:12","modified_gmt":"2024-06-25T11:25:12","slug":"teliti-e-trishte-te-diskutosh-per-ushqimin-e-femijeve-deri-ne-kete-pike","status":"publish","type":"post","link":"https:\/\/rdnews.al\/index.php\/2024\/06\/25\/teliti-e-trishte-te-diskutosh-per-ushqimin-e-femijeve-deri-ne-kete-pike\/","title":{"rendered":"Teliti: E trisht\u00eb t\u00eb diskutosh p\u00ebr ushqimin e f\u00ebmij\u00ebve deri n\u00eb k\u00ebt\u00eb pik\u00eb"},"content":{"rendered":"<p>Koordinatori p\u00ebr Programin Ekonomik n\u00eb PD, Dorjan Teliti, reagon pas publikimit t\u00eb Unicef mbi varf\u00ebrin\u00eb dhe kequshqyerjen e f\u00ebmij\u00ebve shqiptar\u00eb dhe b\u00ebn thirrjen ndaj mazhoranc\u00ebs socialiste q\u00eb t\u00eb votojn\u00eb pa humbur koh\u00eb propozimin e PD-s\u00eb p\u00ebr minimumin jetik, propozim i paraqitur n\u00eb Kuvend q\u00eb prej qershorit 2023.<\/p>\n<p>Shqip\u00ebria nuk do arrij\u00eb p\u00ebr t\u00eb pakt\u00ebn 2-3 dekada standartet e jetes\u00ebs s\u00eb vendeve t\u00eb zhvilluara europiane, por t\u00eb flas\u00ebs e t\u00eb diskutosh p\u00ebr kafshat\u00ebn e buk\u00ebs n\u00eb vitin 2024 \u00ebsht\u00eb sa e trisht\u00eb po aq e pabesueshme p\u00ebr nj\u00eb vend q\u00eb aspiron p\u00ebr tu integruar n\u00eb BE.<\/p>\n<p>T\u00eb dh\u00ebnat e fundit t\u00eb Unicef nxjerrin lakuriq si mbretin ashtu edhe \u201cmbret\u00ebrin\u00eb\u201d e tij t\u00eb propagand\u00ebs s\u00eb pam\u00ebshirshme, e denj\u00eb p\u00ebr vende si Koreja e Veriut.<\/p>\n<p>Nj\u00eb n\u00eb dy f\u00ebmij\u00eb sot \u00ebsht\u00eb i uritur dhe i kequshqyer, me pasoja t\u00eb pallogaritshme n\u00eb t\u00eb tashmen dhe t\u00eb ardhmen e vendin ton\u00eb.<\/p>\n<p>Aty e kan\u00eb propozimin e PD-s\u00eb mbi vendosjen e minimumit jetik, mbi nj\u00eb vit q\u00eb fle gjum\u00eb ky propozim n\u00eb sirtaret e Kuvendit.<\/p>\n<p>\u2049\ufe0fA ka vullnet mazhoranca socialiste p\u00ebr ta miratuar minimumin jetik?<\/p>\n<p>\u2049\ufe0fA ka vullnet mazhoranca p\u00ebr t\u00eb luftuar varf\u00ebrin\u00eb?<\/p>\n<p>\u2049\ufe0fA ka vullnet p\u00ebr t\u00eb rritur nj\u00eb brez t\u00eb mir\u00ebushqyer nj\u00ebsoj si f\u00ebmij\u00ebt e vendeve t\u00eb tjera?<\/p>\n<p>Koh\u00eb p\u00ebr t\u00eb humbur nuk ka, cdo dit\u00eb q\u00eb kalon pa miratuar minimumin jetik aq m\u00eb t\u00eb m\u00ebdha jan\u00eb pasojat negative.<\/p>\n","protected":false},"excerpt":{"rendered":"<p>Koordinatori p\u00ebr Programin Ekonomik n\u00eb PD, Dorjan Teliti, reagon pas publikimit t\u00eb Unicef mbi varf\u00ebrin\u00eb dhe kequshqyerjen e f\u00ebmij\u00ebve shqiptar\u00eb dhe b\u00ebn thirrjen ndaj mazhoranc\u00ebs socialiste q\u00eb t\u00eb votojn\u00eb pa humbur koh\u00eb propozimin e PD-s\u00eb p\u00ebr minimumin jetik, propozim i paraqitur n\u00eb Kuvend q\u00eb prej qershorit 2023. Shqip\u00ebria nuk do arrij\u00eb p\u00ebr t\u00eb pakt\u00ebn 2-3 &hellip;<\/p>\n","protected":false},"author":4,"featured_media":67888,"comment_status":"closed","ping_status":"closed","sticky":false,"template":"","format":"standard","meta":{"footnotes":""},"categories":[37],"tags":[],"class_list":["post-83062","post","type-post","status-publish","format-standard","has-post-thumbnail","","category-politike"],"_links":{"self":[{"href":"https:\/\/rdnews.al\/index.php\/wp-json\/wp\/v2\/posts\/83062","targetHints":{"allow":["GET"]}}],"collection":[{"href":"https:\/\/rdnews.al\/index.php\/wp-json\/wp\/v2\/posts"}],"about":[{"href":"https:\/\/rdnews.al\/index.php\/wp-json\/wp\/v2\/types\/post"}],"author":[{"embeddable":true,"href":"https:\/\/rdnews.al\/index.php\/wp-json\/wp\/v2\/users\/4"}],"replies":[{"embeddable":true,"href":"https:\/\/rdnews.al\/index.php\/wp-json\/wp\/v2\/comments?post=83062"}],"version-history":[{"count":0,"href":"https:\/\/rdnews.al\/index.php\/wp-json\/wp\/v2\/posts\/83062\/revisions"}],"wp:featuredmedia":[{"embeddable":true,"href":"https:\/\/rdnews.al\/index.php\/wp-json\/wp\/v2\/media\/67888"}],"wp:attachment":[{"href":"https:\/\/rdnews.al\/index.php\/wp-json\/wp\/v2\/media?parent=83062"}],"wp:term":[{"taxonomy":"category","embeddable":true,"href":"https:\/\/rdnews.al\/index.php\/wp-json\/wp\/v2\/categories?post=83062"},{"taxonomy":"post_tag","embeddable":true,"href":"https:\/\/rdnews.al\/index.php\/wp-json\/wp\/v2\/tags?post=83062"}],"curies":[{"name":"wp","href":"https:\/\/api.w.org\/{rel}","templated":true}]}}