{"id":83067,"date":"2024-06-25T11:40:16","date_gmt":"2024-06-25T11:40:16","guid":{"rendered":"https:\/\/rdnews.al\/?p=83067"},"modified":"2024-06-25T11:42:11","modified_gmt":"2024-06-25T11:42:11","slug":"pd-mbeshtet-qendrimin-e-dhomave-te-tregtise-amerikane-e-gjermane-kunder-krijimit-nga-qeveria-te-nje-dhome-ekonomike-kombetare","status":"publish","type":"post","link":"https:\/\/rdnews.al\/index.php\/2024\/06\/25\/pd-mbeshtet-qendrimin-e-dhomave-te-tregtise-amerikane-e-gjermane-kunder-krijimit-nga-qeveria-te-nje-dhome-ekonomike-kombetare\/","title":{"rendered":"PD mb\u00ebshtet q\u00ebndrimin e dhomave t\u00eb Tregtis\u00eb Amerikane e Gjermane, jemi kund\u00ebr krijimit nga qeveria t\u00eb nj\u00eb Dhome Ekonomike Komb\u00ebtare"},"content":{"rendered":"<p><strong>DEKALRATA E AN\u00cbTARIT T\u00cb K\u00cbSHILLIT KOMB\u00cbTAR, AKIL KRAJA:<\/strong><\/p>\n<p>Partia Demokratike p\u00ebrsh\u00ebndet dhe mb\u00ebshtet q\u00ebndrimin e dhomave t\u00eb Tregtis\u00eb dhe shoqatave t\u00eb biznesit, duke filluar nga ajo Amerikane, Gjermane apo Shoqat\u00ebs s\u00eb Investitor\u00ebve t\u00eb Huaj n\u00eb Shqip\u00ebri, q\u00eb kund\u00ebrshtojn\u00eb krijimin nga qeveria t\u00eb nj\u00eb Dhome Ekonomike Komb\u00ebtare me an\u00ebtar\u00ebsim t\u00eb detyruesh\u00ebm.<\/p>\n<p>Me shqet\u00ebsim, Partia Demokratike konstaton, se pavar\u00ebsisht thirrjeve t\u00eb shumta t\u00eb opozit\u00ebs, aktor\u00ebt diplomatik\u00eb dhe ekonomik\u00eb n\u00eb vend, qeveria vijon me k\u00ebmb\u00ebngulje t\u00eb promovoj\u00eb an\u00ebtar\u00ebsimin e detyruesh\u00ebm n\u00eb nj\u00eb Dhom\u00eb Ekonomike Komb\u00ebtare, p\u00ebr t\u00eb gjitha bizneset n\u00eb vend, qofshin k\u00ebto t\u00eb vogla, t\u00eb m\u00ebdha apo investitor\u00eb t\u00eb huaj.<\/p>\n<p>Nj\u00eb Dhom\u00eb e cila do t\u00eb drejtohet de facto nga p\u00ebrfaq\u00ebsues t\u00eb qeveris\u00eb. Duke zhb\u00ebr\u00eb k\u00ebshtu thelbin e \u00e7do dhome Tregtie: mbrojtjen e interesave t\u00eb biznesit p\u00ebrball\u00eb qeveris\u00eb. N\u00eb modelin e propozuar, ndodh e kund\u00ebrta. \u00cbsht\u00eb q\u00ebveria q\u00eb k\u00ebrkon t\u00eb mbrohet nga k\u00ebrkesat e biznesit.<\/p>\n<p>Duke vendosur an\u00ebtar\u00ebsimin e detyruesh\u00ebm, shoq\u00ebruar nga nj\u00eb tarif\u00eb an\u00ebtar\u00ebsimi po e detyrueshme, qeveria n\u00eb fakt po fut nj\u00eb taks\u00eb t\u00eb re p\u00ebr bizneset shqiptare t\u00eb cilat p\u00ebrball\u00ebn me nj\u00eb regjim fiskal, bot\u00ebrisht i ditur problematik, dhe tejet t\u00eb lart\u00eb krahasuar me gjith\u00eb rajonin e Ballkanit.<\/p>\n<p>Partia Demokratike del n\u00eb krah t\u00eb k\u00ebrkesave t\u00eb biznesit shqiptar e investitor\u00ebve t\u00eb huaj duke kund\u00ebrshtuar \u00e7do projektligj q\u00eb redaktohet n\u00eb fsheht\u00ebsi e pa u konsultuar me pal\u00ebt e interesit. Krijimi me forc\u00ebn e kartonave t\u00eb nj\u00eb Dhome Ekonomike Komb\u00ebtare, t\u00eb \u2018shtet\u00ebzuar\u2019, \u00ebsht\u00eb kundra parimeve t\u00eb nj\u00eb ekonomie t\u00eb lir\u00eb p\u00ebr t\u00eb cilat Partia Demokratike lufton \u00e7do dit\u00eb.<\/p>\n<p>PD beson se vet\u00ebm nj\u00eb sip\u00ebrmarrje e lir\u00eb mund t\u2019i sh\u00ebrbej\u00eb ekonomis\u00eb s\u00eb vendit ndaj rip\u00ebrs\u00ebrit p\u00ebr t\u00eb disat\u00ebn her\u00eb, thirrjen e saj p\u00ebr t\u00eb mos vijuar m\u00eb tej me k\u00ebt\u00eb projekt-ligj anti biznes.<\/p>\n","protected":false},"excerpt":{"rendered":"<p>DEKALRATA E AN\u00cbTARIT T\u00cb K\u00cbSHILLIT KOMB\u00cbTAR, AKIL KRAJA: Partia Demokratike p\u00ebrsh\u00ebndet dhe mb\u00ebshtet q\u00ebndrimin e dhomave t\u00eb Tregtis\u00eb dhe shoqatave t\u00eb biznesit, duke filluar nga ajo Amerikane, Gjermane apo Shoqat\u00ebs s\u00eb Investitor\u00ebve t\u00eb Huaj n\u00eb Shqip\u00ebri, q\u00eb kund\u00ebrshtojn\u00eb krijimin nga qeveria t\u00eb nj\u00eb Dhome Ekonomike Komb\u00ebtare me an\u00ebtar\u00ebsim t\u00eb detyruesh\u00ebm. Me shqet\u00ebsim, Partia Demokratike konstaton, &hellip;<\/p>\n","protected":false},"author":4,"featured_media":0,"comment_status":"closed","ping_status":"closed","sticky":false,"template":"","format":"standard","meta":{"footnotes":""},"categories":[37],"tags":[],"class_list":["post-83067","post","type-post","status-publish","format-standard","","category-politike"],"_links":{"self":[{"href":"https:\/\/rdnews.al\/index.php\/wp-json\/wp\/v2\/posts\/83067","targetHints":{"allow":["GET"]}}],"collection":[{"href":"https:\/\/rdnews.al\/index.php\/wp-json\/wp\/v2\/posts"}],"about":[{"href":"https:\/\/rdnews.al\/index.php\/wp-json\/wp\/v2\/types\/post"}],"author":[{"embeddable":true,"href":"https:\/\/rdnews.al\/index.php\/wp-json\/wp\/v2\/users\/4"}],"replies":[{"embeddable":true,"href":"https:\/\/rdnews.al\/index.php\/wp-json\/wp\/v2\/comments?post=83067"}],"version-history":[{"count":0,"href":"https:\/\/rdnews.al\/index.php\/wp-json\/wp\/v2\/posts\/83067\/revisions"}],"wp:attachment":[{"href":"https:\/\/rdnews.al\/index.php\/wp-json\/wp\/v2\/media?parent=83067"}],"wp:term":[{"taxonomy":"category","embeddable":true,"href":"https:\/\/rdnews.al\/index.php\/wp-json\/wp\/v2\/categories?post=83067"},{"taxonomy":"post_tag","embeddable":true,"href":"https:\/\/rdnews.al\/index.php\/wp-json\/wp\/v2\/tags?post=83067"}],"curies":[{"name":"wp","href":"https:\/\/api.w.org\/{rel}","templated":true}]}}