{"id":83073,"date":"2024-06-25T11:50:23","date_gmt":"2024-06-25T11:50:23","guid":{"rendered":"https:\/\/rdnews.al\/?p=83073"},"modified":"2024-06-25T11:50:23","modified_gmt":"2024-06-25T11:50:23","slug":"ukraina-dhe-moldavia-nisin-bisedimet-e-anetaresimit-ne-be","status":"publish","type":"post","link":"https:\/\/rdnews.al\/index.php\/2024\/06\/25\/ukraina-dhe-moldavia-nisin-bisedimet-e-anetaresimit-ne-be\/","title":{"rendered":"Ukraina dhe Moldavia nisin bisedimet e an\u00ebtar\u00ebsimit n\u00eb BE"},"content":{"rendered":"<p>Bashkimi Evropian pritet t\u00eb nis\u00eb t\u00eb mart\u00ebn n\u00eb Luksemburg konferencat e para nd\u00ebrqeveritare me Ukrain\u00ebn dhe Moldavin\u00eb.<\/p>\n<p>Z\u00ebvend\u00ebskryeministrja p\u00ebr Integrimin Evropian dhe Euroatlantik, Olga Stefanishyna do ta udh\u00ebheq\u00eb delegacionin e Ukrain\u00ebs n\u00eb konferenc\u00ebn q\u00eb sh\u00ebnon hapjen zyrtare t\u00eb bisedimeve, p\u00ebr t\u00eb p\u00ebrafruar ligjet dhe standardet e vendit me ato t\u00eb bllokut 27-vendesh.<\/p>\n<p>Disa or\u00eb m\u00eb von\u00eb, Moldavia, e cila aplikoi p\u00ebr t\u2019u bashkuar me BE-n\u00eb pas pushtimit rus t\u00eb Ukrain\u00ebs n\u00eb shkurt t\u00eb 2022-s dhe iu dha statusi i kandidatit kat\u00ebr muaj m\u00eb von\u00eb, do t\u00eb marr\u00eb pjes\u00eb n\u00eb nj\u00eb konferenc\u00eb t\u00eb ve\u00e7ant\u00eb nd\u00ebrqeveritare p\u00ebr t\u00eb nisur zyrtarisht procesin e an\u00ebtar\u00ebsimit n\u00eb bllok.<\/p>\n<p>Konferencat nd\u00ebrqeveritare t\u00eb s\u00eb mart\u00ebs sh\u00ebnojn\u00eb nisjen e bisedimeve, por negociatat nuk kan\u00eb gjasa t\u00eb fillojn\u00eb edhe disa muaj.<\/p>\n<p>Vendet kandidate duhet t\u2019i p\u00ebrafrojn\u00eb ligjet dhe standardet e tyre n\u00eb p\u00ebrputhje me ato t\u00eb BE-s\u00eb n\u00eb 35 fusha t\u00eb politikave, t\u00eb njohura si kapituj, duke filluar nga l\u00ebvizja e lir\u00eb e mallrave, taksat, energjia dhe mjedisi, deri te t\u00eb drejtat dhe siguria.<\/p>\n<p>N\u00eb kufi me an\u00ebtar\u00ebt e BE-s\u00eb, Polonin\u00eb, Sllovakin\u00eb, Hungarin\u00eb dhe Rumanin\u00eb, Ukraina do ta kap\u00ebrcej\u00eb Franc\u00ebn p\u00ebr t\u2019u b\u00ebr\u00eb k\u00ebshtu an\u00ebtari m\u00eb i madh i bllokut, n\u00ebse bashkohet.<\/p>\n<p>Si prodhues kryesor i drith\u00ebrave, an\u00ebtar\u00ebsimi i Ukrain\u00ebs do t\u00eb kishte nj\u00eb ndikim t\u00eb madh n\u00eb politik\u00ebn bujq\u00ebsore t\u00eb BE-s\u00eb.<\/p>\n<p>S\u00eb bashku me Moldavin\u00eb, Ukraina q\u00ebndron n\u00eb linj\u00eb t\u00eb gjat\u00eb shpresash p\u00ebr an\u00ebtar\u00ebsim n\u00eb BE, s\u00eb bashku me Shqip\u00ebrin\u00eb, Bosnj\u00eb dhe Hercegovin\u00ebn, Gjeorgjin\u00eb, Malin e Zi, Maqedonin\u00eb e Veriut, Serbin\u00eb dhe Turqin\u00eb.<\/p>\n<p>Ukraina aspiron t\u00eb an\u00ebtar\u00ebsohet deri n\u00eb vitin 2030, por duhet t\u00eb procedoj\u00eb s\u00eb pari dhjet\u00ebra reforma institucionale dhe ligjore. Kjo list\u00eb udh\u00ebhiqet nga hapat p\u00ebr t\u00eb luftuar korrupsionin dhe p\u00ebrfshin reforma t\u00eb gjera n\u00eb administrat\u00ebn publike dhe gjyq\u00ebsorin.<\/p>\n","protected":false},"excerpt":{"rendered":"<p>Bashkimi Evropian pritet t\u00eb nis\u00eb t\u00eb mart\u00ebn n\u00eb Luksemburg konferencat e para nd\u00ebrqeveritare me Ukrain\u00ebn dhe Moldavin\u00eb. Z\u00ebvend\u00ebskryeministrja p\u00ebr Integrimin Evropian dhe Euroatlantik, Olga Stefanishyna do ta udh\u00ebheq\u00eb delegacionin e Ukrain\u00ebs n\u00eb konferenc\u00ebn q\u00eb sh\u00ebnon hapjen zyrtare t\u00eb bisedimeve, p\u00ebr t\u00eb p\u00ebrafruar ligjet dhe standardet e vendit me ato t\u00eb bllokut 27-vendesh. Disa or\u00eb m\u00eb &hellip;<\/p>\n","protected":false},"author":4,"featured_media":83074,"comment_status":"closed","ping_status":"closed","sticky":false,"template":"","format":"standard","meta":{"footnotes":""},"categories":[38],"tags":[],"class_list":["post-83073","post","type-post","status-publish","format-standard","has-post-thumbnail","","category-bota"],"_links":{"self":[{"href":"https:\/\/rdnews.al\/index.php\/wp-json\/wp\/v2\/posts\/83073","targetHints":{"allow":["GET"]}}],"collection":[{"href":"https:\/\/rdnews.al\/index.php\/wp-json\/wp\/v2\/posts"}],"about":[{"href":"https:\/\/rdnews.al\/index.php\/wp-json\/wp\/v2\/types\/post"}],"author":[{"embeddable":true,"href":"https:\/\/rdnews.al\/index.php\/wp-json\/wp\/v2\/users\/4"}],"replies":[{"embeddable":true,"href":"https:\/\/rdnews.al\/index.php\/wp-json\/wp\/v2\/comments?post=83073"}],"version-history":[{"count":0,"href":"https:\/\/rdnews.al\/index.php\/wp-json\/wp\/v2\/posts\/83073\/revisions"}],"wp:featuredmedia":[{"embeddable":true,"href":"https:\/\/rdnews.al\/index.php\/wp-json\/wp\/v2\/media\/83074"}],"wp:attachment":[{"href":"https:\/\/rdnews.al\/index.php\/wp-json\/wp\/v2\/media?parent=83073"}],"wp:term":[{"taxonomy":"category","embeddable":true,"href":"https:\/\/rdnews.al\/index.php\/wp-json\/wp\/v2\/categories?post=83073"},{"taxonomy":"post_tag","embeddable":true,"href":"https:\/\/rdnews.al\/index.php\/wp-json\/wp\/v2\/tags?post=83073"}],"curies":[{"name":"wp","href":"https:\/\/api.w.org\/{rel}","templated":true}]}}