{"id":83082,"date":"2024-06-25T15:53:51","date_gmt":"2024-06-25T15:53:51","guid":{"rendered":"https:\/\/rdnews.al\/?p=83082"},"modified":"2024-06-25T15:53:51","modified_gmt":"2024-06-25T15:53:51","slug":"vlora-pa-uje-qyteti-perseri-ne-black-out","status":"publish","type":"post","link":"https:\/\/rdnews.al\/index.php\/2024\/06\/25\/vlora-pa-uje-qyteti-perseri-ne-black-out\/","title":{"rendered":"Vlora pa uj\u00eb, qyteti p\u00ebrs\u00ebri n\u00eb \u201cblack out\u201d!"},"content":{"rendered":"<p><strong>Nga Rezenbrik Serjani<\/strong><\/p>\n<p>Vitin e tij t\u00eb par\u00eb, n\u00eb krye t\u00eb Bashkis\u00eb, Dredha i Ri, e mbyll me turpin e l\u00ebnies s\u00eb qytetit p\u00ebr disa dit\u00eb pa uj\u00eb.<\/p>\n<p>Her\u00ebn e par\u00eb, t\u00eb nd\u00ebrprerjes s\u00eb furnizimit me uj\u00eb, p\u00ebr 4 dit\u00eb, jo vet\u00ebm q\u00eb nuk denjoi t\u00eb b\u00ebnte nj\u00eb status a deklarat\u00eb ndjese publike, por ai vazhdon t\u00eb guxoj ri-l\u00ebnien e Vlor\u00ebs p\u00ebrs\u00ebri pa uj\u00eb !<\/p>\n<p>\u00cbsht\u00eb hera e dyt\u00eb, brenda pak jav\u00ebsh, q\u00eb qyteti kalon n\u00eb \u201cblack out\u201d, si pasoj\u00eb e nd\u00ebrprerjes s\u00eb furnizimit me uj\u00eb p\u00ebr disa dit\u00eb, p\u00ebr \u00e7do familje, n\u00eb cdo lagjje, qofshin ato n\u00eb qend\u00ebr apo n\u00eb periferi.<\/p>\n<p>Abuzimet q\u00eb po b\u00ebhen mbi rrjetin e uj\u00ebsjell\u00ebsit, e udh\u00ebhequr nga paaft\u00ebsia, keqmenaxhimi dhe korrupsioni, kan\u00eb b\u00ebr\u00eb q\u00eb nj\u00eb \u201cblack out\u201d i dyt\u00eb t\u00eb kaploj\u00eb qytetin e Vlor\u00ebs, k\u00ebto dit\u00eb t\u00eb nxehta vere, n\u00eb mesin e sezonit turistik.<\/p>\n<p>Sezoni turistik 2024, m\u00eb i keqi n\u00eb historin\u00eb turistike t\u00eb k\u00ebtij qyteti mij\u00ebra vje\u00e7ar, do hyj\u00eb n\u00eb librin e zi t\u00eb thyerjes s\u00eb rekordeve, p\u00ebr keqmenaxhimin dhe abuzimin institucional.<\/p>\n<p>Bashkia Vlor\u00eb, n\u00eb bashk\u00ebpunim dashakeq\u00ebs me Uj\u00ebsjell\u00ebs Kanalizime Vlor\u00eb po kryejn\u00eb masakr\u00ebn e dyt\u00eb n\u00eb kurriz t\u00eb Vlor\u00ebs dhe vlonjat\u00ebve, duke i ri-l\u00ebn\u00eb p\u00ebrs\u00ebri pa uj\u00eb, n\u00eb nj\u00eb bllok prej 4 dit\u00ebsh.<\/p>\n<p>Vlora po shnd\u00ebrrohet n\u00eb nj\u00eb laborator eksperimental, ku sjelljet \u00e7\u2019njer\u00ebzore t\u00eb institucioneve lokale, masin sasin\u00eb e durimit q\u00eb ky qytet ka, duke i l\u00ebn\u00eb e ri-l\u00ebn\u00eb her\u00eb pas here, p\u00ebr m\u00eb shume se 2-3 dit\u00eb, pa asnj\u00eb minut\u00eb furnizim me uj\u00eb.<\/p>\n<p>D\u00ebshp\u00ebruese, tragjike e dashakeq\u00ebse nga ana e institucioneve, \u00ebsht\u00eb situata e Vlor\u00ebs \u201cturistike\u201d sot, ku mungesa e furnizimit me uj\u00eb, kthehet n\u00eb \u201cloj\u00ebn\u201d e nj\u00eb grupi abuzuesish drejtuesish institucionesh, duke nisur nga i ashtuquajturi \u201cqytetari i par\u00eb\u201d, Dredha I Ri, i cili po i thellon \u00e7do dit\u00eb e m\u00eb shum\u00eb \u201cavarirat e vjetra\u201d.<\/p>\n<p>Vitin e tij t\u00eb par\u00eb, perve\u00e7 se \u00ebsht\u00eb kthyer n\u00eb qytetarin e fundit t\u00eb Vlor\u00ebs; viti i tij i par\u00eb \u00ebsht\u00eb shnd\u00ebrruar n\u00eb \u201cVitin e Turpit\u201d ne krye t\u00eb Bashkis\u00eb Vlor\u00eb !<\/p>\n","protected":false},"excerpt":{"rendered":"<p>Nga Rezenbrik Serjani Vitin e tij t\u00eb par\u00eb, n\u00eb krye t\u00eb Bashkis\u00eb, Dredha i Ri, e mbyll me turpin e l\u00ebnies s\u00eb qytetit p\u00ebr disa dit\u00eb pa uj\u00eb. Her\u00ebn e par\u00eb, t\u00eb nd\u00ebrprerjes s\u00eb furnizimit me uj\u00eb, p\u00ebr 4 dit\u00eb, jo vet\u00ebm q\u00eb nuk denjoi t\u00eb b\u00ebnte nj\u00eb status a deklarat\u00eb ndjese publike, por ai &hellip;<\/p>\n","protected":false},"author":4,"featured_media":38533,"comment_status":"closed","ping_status":"closed","sticky":false,"template":"","format":"standard","meta":{"footnotes":""},"categories":[44],"tags":[],"class_list":["post-83082","post","type-post","status-publish","format-standard","has-post-thumbnail","","category-editorial"],"_links":{"self":[{"href":"https:\/\/rdnews.al\/index.php\/wp-json\/wp\/v2\/posts\/83082","targetHints":{"allow":["GET"]}}],"collection":[{"href":"https:\/\/rdnews.al\/index.php\/wp-json\/wp\/v2\/posts"}],"about":[{"href":"https:\/\/rdnews.al\/index.php\/wp-json\/wp\/v2\/types\/post"}],"author":[{"embeddable":true,"href":"https:\/\/rdnews.al\/index.php\/wp-json\/wp\/v2\/users\/4"}],"replies":[{"embeddable":true,"href":"https:\/\/rdnews.al\/index.php\/wp-json\/wp\/v2\/comments?post=83082"}],"version-history":[{"count":0,"href":"https:\/\/rdnews.al\/index.php\/wp-json\/wp\/v2\/posts\/83082\/revisions"}],"wp:featuredmedia":[{"embeddable":true,"href":"https:\/\/rdnews.al\/index.php\/wp-json\/wp\/v2\/media\/38533"}],"wp:attachment":[{"href":"https:\/\/rdnews.al\/index.php\/wp-json\/wp\/v2\/media?parent=83082"}],"wp:term":[{"taxonomy":"category","embeddable":true,"href":"https:\/\/rdnews.al\/index.php\/wp-json\/wp\/v2\/categories?post=83082"},{"taxonomy":"post_tag","embeddable":true,"href":"https:\/\/rdnews.al\/index.php\/wp-json\/wp\/v2\/tags?post=83082"}],"curies":[{"name":"wp","href":"https:\/\/api.w.org\/{rel}","templated":true}]}}