{"id":83104,"date":"2024-06-25T18:31:18","date_gmt":"2024-06-25T18:31:18","guid":{"rendered":"https:\/\/rdnews.al\/?p=83104"},"modified":"2024-06-25T18:31:18","modified_gmt":"2024-06-25T18:31:18","slug":"berisha-protesta-i-ka-kallur-daten-gjer-ne-palce-rames-dhe-lakejve-te-tij","status":"publish","type":"post","link":"https:\/\/rdnews.al\/index.php\/2024\/06\/25\/berisha-protesta-i-ka-kallur-daten-gjer-ne-palce-rames-dhe-lakejve-te-tij\/","title":{"rendered":"Berisha: Protesta i ka kallur dat\u00ebn gjer n\u00eb palc\u00eb Ram\u00ebs dhe lakejve t\u00eb tij!"},"content":{"rendered":"<p>Lideri i opozit\u00ebs, Sali Berisha ka vler\u00ebsuar protestuesit e vendosur demokrat\u00eb t\u00eb cil\u00ebt jan\u00eb mbledhur p\u00ebr m\u00eb shum\u00eb se 175 dit\u00eb posht\u00eb banes\u00ebs s\u00eb kryedemokratit, duke k\u00ebrkuar lirimin e tij nga arresti politik me urdh\u00ebr t\u00eb Edi Ram\u00ebs.<\/p>\n<p>Berisha tha se, protesta i ka kallur dat\u00ebn gjer n\u00eb palc\u00eb Ram\u00ebs dhe lakejve t\u00eb tij. Si kurr\u00eb ndonj\u00ebher\u00eb ai ka vendosur nj\u00eb censur\u00eb totale.<\/p>\n<p>\u201cMir\u00ebmbr\u00ebma dhe mir\u00ebnjohjen m\u00eb t\u00eb pakufishme p\u00ebr protest\u00ebn, q\u00ebndres\u00ebn tuaj q\u00ebndrestare dhe q\u00ebndrestar\u00eb t\u00eb pamposhtur p\u00ebr nj\u00eb kauz\u00eb t\u00eb drejt\u00eb, kauz\u00ebn e liris\u00eb, dinjitetit, shpres\u00ebs dhe t\u00eb ardhmes s\u00eb shqiptar\u00ebve.<\/p>\n<p>Nj\u00eb p\u00ebrsh\u00ebndetje t\u00eb p\u00ebrzem\u00ebrt orator\u00ebve q\u00eb kan\u00eb shnd\u00ebrruar k\u00ebt\u00eb platform\u00eb n\u00eb platform\u00ebn e mendimit t\u00eb lir\u00eb, fjal\u00ebs s\u00eb lir\u00eb.<\/p>\n<p>Protesta dhe fjala juaj kan\u00eb tmerruar, i kan\u00eb kallur dat\u00ebn gjer n\u00eb palc\u00eb Edi Ram\u00ebs dhe lakejve t\u00eb tij.<\/p>\n<p>Si kurr\u00eb ndonj\u00ebher\u00eb, mbi ju \u00ebsht\u00eb vendosur nj\u00eb censur\u00eb totale nga mediat e kontrolluara nga Edi Rama sepse k\u00ebtu thuhen t\u00eb v\u00ebrtetat m\u00eb t\u00eb hidhura.<\/p>\n<p>K\u00ebtu damkoset narkoshteti.<\/p>\n<p>K\u00ebtu mbrohet interesi komb\u00ebtar dhe interesat e \u00e7do qytetari shqiptar q\u00eb jeton me mundin, djers\u00ebn e tij dhe q\u00eb e do k\u00ebt\u00eb vend nj\u00eb vend t\u00eb lir\u00eb.<\/p>\n<p>T\u00eb dashur qytetare dhe qytetar\u00eb t\u00eb Tiran\u00ebs dhe mbar\u00eb Shqip\u00ebris\u00eb.<\/p>\n<p>Sot nga thell\u00ebsit\u00eb e shpirtit dhe zemr\u00ebs t\u00eb \u00e7do shqiptari q\u00eb e do Shqip\u00ebrin\u00eb, t\u00eb \u00e7do qytetari q\u00eb do lirin\u00eb, vjen nj\u00eb thirrje p\u00ebr secilin prej jush, t\u00eb bashkohemi n\u00eb mosbindje civile dhe protest\u00eb p\u00ebr t\u00eb \u00e7elur p\u00ebr Shqip\u00ebrin\u00eb dhe shqiptar\u00ebt dyert e mbyllura t\u00eb shpres\u00ebs.<\/p>\n<p>Dyert e mbyllura t\u00eb begatimit.<\/p>\n<p>Dyert e mbyllura t\u00eb dinjitetit njer\u00ebzor dhe komb\u00ebtar.<\/p>\n<p>Sot, \u00e7do shqiptar \u00ebsht\u00eb i thirrur t\u00eb ngrihet n\u00eb sakrifica dhe t\u00eb mos lejoj\u00eb q\u00eb vendi i tij t\u00eb tretet, t\u00eb shkretohet, t\u00eb pak\u00ebsohet dhe varf\u00ebrohet \u00e7do dit\u00eb e m\u00eb shum\u00eb\u201d, tha Berisha.<\/p>\n","protected":false},"excerpt":{"rendered":"<p>Lideri i opozit\u00ebs, Sali Berisha ka vler\u00ebsuar protestuesit e vendosur demokrat\u00eb t\u00eb cil\u00ebt jan\u00eb mbledhur p\u00ebr m\u00eb shum\u00eb se 175 dit\u00eb posht\u00eb banes\u00ebs s\u00eb kryedemokratit, duke k\u00ebrkuar lirimin e tij nga arresti politik me urdh\u00ebr t\u00eb Edi Ram\u00ebs. Berisha tha se, protesta i ka kallur dat\u00ebn gjer n\u00eb palc\u00eb Ram\u00ebs dhe lakejve t\u00eb tij. Si &hellip;<\/p>\n","protected":false},"author":4,"featured_media":71860,"comment_status":"closed","ping_status":"closed","sticky":false,"template":"","format":"standard","meta":{"footnotes":""},"categories":[37],"tags":[],"class_list":["post-83104","post","type-post","status-publish","format-standard","has-post-thumbnail","","category-politike"],"_links":{"self":[{"href":"https:\/\/rdnews.al\/index.php\/wp-json\/wp\/v2\/posts\/83104","targetHints":{"allow":["GET"]}}],"collection":[{"href":"https:\/\/rdnews.al\/index.php\/wp-json\/wp\/v2\/posts"}],"about":[{"href":"https:\/\/rdnews.al\/index.php\/wp-json\/wp\/v2\/types\/post"}],"author":[{"embeddable":true,"href":"https:\/\/rdnews.al\/index.php\/wp-json\/wp\/v2\/users\/4"}],"replies":[{"embeddable":true,"href":"https:\/\/rdnews.al\/index.php\/wp-json\/wp\/v2\/comments?post=83104"}],"version-history":[{"count":0,"href":"https:\/\/rdnews.al\/index.php\/wp-json\/wp\/v2\/posts\/83104\/revisions"}],"wp:featuredmedia":[{"embeddable":true,"href":"https:\/\/rdnews.al\/index.php\/wp-json\/wp\/v2\/media\/71860"}],"wp:attachment":[{"href":"https:\/\/rdnews.al\/index.php\/wp-json\/wp\/v2\/media?parent=83104"}],"wp:term":[{"taxonomy":"category","embeddable":true,"href":"https:\/\/rdnews.al\/index.php\/wp-json\/wp\/v2\/categories?post=83104"},{"taxonomy":"post_tag","embeddable":true,"href":"https:\/\/rdnews.al\/index.php\/wp-json\/wp\/v2\/tags?post=83104"}],"curies":[{"name":"wp","href":"https:\/\/api.w.org\/{rel}","templated":true}]}}