{"id":83106,"date":"2024-06-25T18:36:27","date_gmt":"2024-06-25T18:36:27","guid":{"rendered":"https:\/\/rdnews.al\/?p=83106"},"modified":"2024-06-25T19:49:50","modified_gmt":"2024-06-25T19:49:50","slug":"skandali-te-onkologjiku-berisha-kjo-qe-japin-mediat-sot-eshte-denoncuar-me-qindra-here-rrenjet-jane-te-rama-manastirliu-beqaj","status":"publish","type":"post","link":"https:\/\/rdnews.al\/index.php\/2024\/06\/25\/skandali-te-onkologjiku-berisha-kjo-qe-japin-mediat-sot-eshte-denoncuar-me-qindra-here-rrenjet-jane-te-rama-manastirliu-beqaj\/","title":{"rendered":"Skandali te Onkologjiku\/ Berisha: \u00cbsht\u00eb denoncuar me qindra her\u00eb! Rr\u00ebnj\u00ebt jan\u00eb te Rama, Manastirliu, Beqaj"},"content":{"rendered":"<p>Kryetari i Partis\u00eb Demokratike, Sali Berisha ka reaguar n\u00eb lidhje me publikimin e skandalit makab\u00ebr te Spitali Onkologjik, ku mjek\u00ebt merrnin ila\u00e7et e kimioterapis\u00eb dhe i shisnin n\u00eb spitalet private.<\/p>\n<p>Berisha u shpreh se, kjo q\u00eb japin mediat sot \u00ebsht\u00eb denoncuar me qindra her\u00eb dhe se rr\u00ebnj\u00ebt e saj jan\u00eb te Rama, Manastirliu dhe Beqaj.<\/p>\n<p>\u201cMiqt\u00eb e mi, sot t\u00eb p\u00ebrcjell\u00ebsh me indiferenc\u00eb k\u00ebto zhvillime dramatike, t\u00eb cilat me t\u00ebr\u00ebsin\u00eb e tyre nuk i p\u00ebson asnj\u00eb vend tjet\u00ebr n\u00eb bot\u00eb.<\/p>\n<p>Un\u00eb nuk di nj\u00eb vend tjet\u00ebr n\u00eb planet q\u00eb n\u00eb 8 vite t\u00eb ket\u00eb humbur n\u00eb dhera t\u00eb tjera 35 p\u00ebrqind t\u00eb popullat\u00ebs.<\/p>\n<p>Un\u00eb nuk di nj\u00eb vend tjet\u00ebr n\u00eb planet q\u00eb n\u00eb 10 vite numri i maturant\u00ebve t\u00eb ket\u00eb r\u00ebn\u00eb me 42 p\u00ebrqind.<\/p>\n<p>Un\u00eb nuk di nj\u00eb vend tjet\u00ebr n\u00eb planet q\u00eb n\u00eb arsimin e tij t\u00eb ket\u00eb r\u00ebn\u00eb, t\u00eb jet\u00eb rrokullisur n\u00eb m\u00ebnyr\u00eb vertikale me 62 pik\u00eb n\u00eb 8 vite.<\/p>\n<p>Un\u00eb nuk di asnj\u00eb vend tjet\u00ebr n\u00eb planet n\u00eb t\u00eb cilin t\u00eb ardhurat p\u00ebr frym\u00eb jan\u00eb krejt tjera, kurse 18 p\u00ebrqind e f\u00ebmij\u00ebve t\u00eb tij nuk sigurojn\u00eb dot m\u00eb shum\u00eb se nj\u00eb apo dy vakte n\u00eb dit\u00eb. Dhe 47 p\u00ebrqind e f\u00ebmij\u00ebve jan\u00eb n\u00eb uri t\u00eb moderuar.<\/p>\n<p>Nuk ekziston pra asnj\u00eb vend tjet\u00ebr, pik\u00ebrisht se k\u00ebt\u00eb gj\u00ebm\u00eb t\u00eb regjimit e p\u00ebrjetojn\u00eb shqiptar\u00ebt.<\/p>\n<p>Ata rrokullisen m\u00eb posht\u00eb n\u00eb dije se t\u00eb gjitha vendet e tjera n\u00eb shkolla.<\/p>\n<p>Se ata rrokullisen p\u00ebr ushqimin e f\u00ebmij\u00ebve t\u00eb tyre 6 vende nd\u00ebr Ugand\u00ebn q\u00eb p\u00ebrjetoi luft\u00ebn e tmerrshme civile. 5 vende nd\u00ebr \u00c7adin. 18 vende nd\u00ebr Serbin\u00eb.<\/p>\n<p>\u00c7far\u00eb duhet t\u00eb na ndodh\u00eb ne? A nuk jan\u00eb k\u00ebto t\u00eb k\u00ebqija t\u00eb m\u00ebdha q\u00eb trokasin der\u00eb m\u00eb der\u00eb n\u00eb k\u00ebt\u00eb vend dhe n\u00eb k\u00ebto sht\u00ebpi?<\/p>\n<p>\u00c7do dit\u00eb, ju d\u00ebgjoni skandale. Por gjith\u00e7ka p\u00ebrcaktohet mbi t\u00eb gjitha nga vjedhjet e Edi Ram\u00ebs dhe ministrave t\u00eb tij.<\/p>\n<p>Sot mediat paraqit\u00ebn raste dramatike n\u00eb trajtimin e t\u00eb s\u00ebmur\u00ebve me s\u00ebmundje malinje.<\/p>\n<p>Miq, po kjo q\u00eb japin mediat sot \u00ebsht\u00eb denoncuar me dhjet\u00ebra e qindra her\u00eb dhe rr\u00ebnj\u00ebt e saj jan\u00eb tek Edi Rama, Ogerta Manastirliu, Ilir Beqa, ish-kunata e Edi Ram\u00ebs.<\/p>\n<p>Miq, po sa her\u00eb \u00ebsht\u00eb denoncuar n\u00eb media se t\u00eb s\u00ebmur\u00ebt me neuroplasira nuk marrin dot ila\u00e7et se mungojn\u00eb?<\/p>\n<p>A ka krim m\u00eb t\u00eb sh\u00ebmtuar se sa kobalto-terapia q\u00eb ka t\u00eb pakt\u00ebn 40 vite e instaluar n\u00eb at\u00eb spital, t\u00eb mos funksionoj\u00eb sot? Sepse vjedh Odeta, sepse vjedh Rama, se k\u00ebta faqezinj nuk kan\u00eb nder e moral, nuk kan\u00eb shpirt\u201d, tha Berisha.<\/p>\n","protected":false},"excerpt":{"rendered":"<p>Kryetari i Partis\u00eb Demokratike, Sali Berisha ka reaguar n\u00eb lidhje me publikimin e skandalit makab\u00ebr te Spitali Onkologjik, ku mjek\u00ebt merrnin ila\u00e7et e kimioterapis\u00eb dhe i shisnin n\u00eb spitalet private. Berisha u shpreh se, kjo q\u00eb japin mediat sot \u00ebsht\u00eb denoncuar me qindra her\u00eb dhe se rr\u00ebnj\u00ebt e saj jan\u00eb te Rama, Manastirliu dhe Beqaj. &hellip;<\/p>\n","protected":false},"author":4,"featured_media":82601,"comment_status":"closed","ping_status":"closed","sticky":false,"template":"","format":"standard","meta":{"footnotes":""},"categories":[37],"tags":[],"class_list":["post-83106","post","type-post","status-publish","format-standard","has-post-thumbnail","","category-politike"],"_links":{"self":[{"href":"https:\/\/rdnews.al\/index.php\/wp-json\/wp\/v2\/posts\/83106","targetHints":{"allow":["GET"]}}],"collection":[{"href":"https:\/\/rdnews.al\/index.php\/wp-json\/wp\/v2\/posts"}],"about":[{"href":"https:\/\/rdnews.al\/index.php\/wp-json\/wp\/v2\/types\/post"}],"author":[{"embeddable":true,"href":"https:\/\/rdnews.al\/index.php\/wp-json\/wp\/v2\/users\/4"}],"replies":[{"embeddable":true,"href":"https:\/\/rdnews.al\/index.php\/wp-json\/wp\/v2\/comments?post=83106"}],"version-history":[{"count":0,"href":"https:\/\/rdnews.al\/index.php\/wp-json\/wp\/v2\/posts\/83106\/revisions"}],"wp:featuredmedia":[{"embeddable":true,"href":"https:\/\/rdnews.al\/index.php\/wp-json\/wp\/v2\/media\/82601"}],"wp:attachment":[{"href":"https:\/\/rdnews.al\/index.php\/wp-json\/wp\/v2\/media?parent=83106"}],"wp:term":[{"taxonomy":"category","embeddable":true,"href":"https:\/\/rdnews.al\/index.php\/wp-json\/wp\/v2\/categories?post=83106"},{"taxonomy":"post_tag","embeddable":true,"href":"https:\/\/rdnews.al\/index.php\/wp-json\/wp\/v2\/tags?post=83106"}],"curies":[{"name":"wp","href":"https:\/\/api.w.org\/{rel}","templated":true}]}}