{"id":83108,"date":"2024-06-25T18:46:47","date_gmt":"2024-06-25T18:46:47","guid":{"rendered":"https:\/\/rdnews.al\/?p=83108"},"modified":"2024-06-25T18:46:47","modified_gmt":"2024-06-25T18:46:47","slug":"berisha-ceshtjet-e-shendetit-jane-ceshtje-emergjence-per-kete-komb-prandaj-duhet-qeveria-teknike-dhe-zgjedhjet-e-lira","status":"publish","type":"post","link":"https:\/\/rdnews.al\/index.php\/2024\/06\/25\/berisha-ceshtjet-e-shendetit-jane-ceshtje-emergjence-per-kete-komb-prandaj-duhet-qeveria-teknike-dhe-zgjedhjet-e-lira\/","title":{"rendered":"Berisha: \u00c7\u00ebshtjet e sh\u00ebndetit jan\u00eb \u00e7\u00ebshtje emergjence p\u00ebr k\u00ebt\u00eb komb! Prandaj duhet qeveria teknike dhe zgjedhjet e lira"},"content":{"rendered":"<p>Kryetari i PD, Sali Berisha ka ngitur alarmin se \u00e7\u00ebshtjet e sh\u00ebndetit jan\u00eb \u00e7\u00ebshtje emergjente p\u00ebr kombin. Berisha tha se, \u00e7\u00ebshtjet e sh\u00ebndetit jan\u00eb \u00e7\u00ebshtje emergjence p\u00ebr k\u00ebt\u00eb komb! Prandaj duhet qeveria teknike dhe zgjedhjet e lira.<\/p>\n<p>\u201cMiqt\u00eb e mi, \u00e7far\u00eb u ndodhi shqiptar\u00ebve me sh\u00ebndet\u00ebsin\u00eb falas?<\/p>\n<p>Shqiptar\u00ebve me sh\u00ebndet\u00ebsin\u00eb falas u ndodhi detyrimi p\u00ebr t\u00eb paguar 60 p\u00ebrqind p\u00ebr kujdesin sh\u00ebndet\u00ebsor nga xhepi i tyre.<\/p>\n<p>Po pse? Po \u00e7do gj\u00eb vidhet nga ministria e antish\u00ebndetit, nga ministria e vdekjes dhe hajnive.<\/p>\n<p>A e dini ju se nga Kovidi p\u00ebr shkak t\u00eb vjedhjes s\u00eb qindra milion\u00eb eurove me tendera t\u00eb fsheht\u00eb nga ajo zonja q\u00eb meriton t\u00eb quhet Zonja Vdekje, a e dini ju se ne pat\u00ebm dy her\u00eb m\u00eb shum\u00eb vdekje se Kosova. Dy her\u00eb m\u00eb shum\u00eb vdekje se Maqedonia.<\/p>\n<p>U ngjit\u00ebm n\u00eb \u00e7atin\u00eb e bot\u00ebs p\u00ebr vdekjet nga Kovidi. Po pse? Se Rama dhe Odeta b\u00ebnin tendera sekrete, tenderonin 50 respirator\u00eb dhe merrnin vet\u00ebm 5.<\/p>\n<p>Se blinin me \u00e7mime stratosferike p\u00ebr t\u00eb ndar\u00eb parat\u00eb.<\/p>\n<p>Se e shnd\u00ebrruan Tiran\u00ebn dhe Shqip\u00ebrin\u00eb n\u00eb spital dhe nuk shtronin t\u00eb s\u00ebmur\u00ebt n\u00eb spitale.<\/p>\n<p>A e dini se ajo situat\u00eb ekziston sot n\u00eb t\u00eb gjith\u00eb sektor\u00ebt e sh\u00ebndet\u00ebsis\u00eb. Po, po!<\/p>\n<p>P\u00ebr arsye se kur vjedh ministrja, kur vjedh kryeministri, kur vjedh drejtori, t\u00eb tjer\u00ebt ndjekin rrug\u00ebn e tyre.<\/p>\n<p>A jan\u00eb b\u00ebr\u00eb sot \u00e7\u00ebshtjet e sh\u00ebndetit, \u00e7\u00ebshtje emergjence p\u00ebr k\u00ebt\u00eb komb? Sigurisht, p\u00ebr ata q\u00eb jan\u00eb t\u00eb sh\u00ebndetsh\u00ebm, nuk jan\u00eb. P\u00ebr ata q\u00eb nuk kan\u00eb t\u00eb s\u00ebmur\u00eb, nuk jan\u00eb.<\/p>\n<p>Por p\u00ebr \u00e7do familje q\u00eb ka t\u00eb s\u00ebmur\u00eb, sot problemet e sh\u00ebndetit jan\u00eb problemet m\u00eb t\u00eb mprehta, m\u00eb t\u00eb dhimbshme, m\u00eb dramatike se n\u00eb \u00e7do vend tjet\u00ebr.<\/p>\n<p>Edhe n\u00eb k\u00ebt\u00eb kontekst \u00ebsht\u00eb emergjenc\u00eb e t\u00eb gjitha emergjencave p\u00ebrmbysja e k\u00ebsaj qeverie. Qeveria teknike, zgjedhjet e lira, zgjedhjet e ndershme, opozita n\u00eb pushtet\u201d, tha Berisha.<\/p>\n","protected":false},"excerpt":{"rendered":"<p>Kryetari i PD, Sali Berisha ka ngitur alarmin se \u00e7\u00ebshtjet e sh\u00ebndetit jan\u00eb \u00e7\u00ebshtje emergjente p\u00ebr kombin. Berisha tha se, \u00e7\u00ebshtjet e sh\u00ebndetit jan\u00eb \u00e7\u00ebshtje emergjence p\u00ebr k\u00ebt\u00eb komb! Prandaj duhet qeveria teknike dhe zgjedhjet e lira. \u201cMiqt\u00eb e mi, \u00e7far\u00eb u ndodhi shqiptar\u00ebve me sh\u00ebndet\u00ebsin\u00eb falas? Shqiptar\u00ebve me sh\u00ebndet\u00ebsin\u00eb falas u ndodhi detyrimi p\u00ebr &hellip;<\/p>\n","protected":false},"author":4,"featured_media":82604,"comment_status":"closed","ping_status":"closed","sticky":false,"template":"","format":"standard","meta":{"footnotes":""},"categories":[37],"tags":[],"class_list":["post-83108","post","type-post","status-publish","format-standard","has-post-thumbnail","","category-politike"],"_links":{"self":[{"href":"https:\/\/rdnews.al\/index.php\/wp-json\/wp\/v2\/posts\/83108","targetHints":{"allow":["GET"]}}],"collection":[{"href":"https:\/\/rdnews.al\/index.php\/wp-json\/wp\/v2\/posts"}],"about":[{"href":"https:\/\/rdnews.al\/index.php\/wp-json\/wp\/v2\/types\/post"}],"author":[{"embeddable":true,"href":"https:\/\/rdnews.al\/index.php\/wp-json\/wp\/v2\/users\/4"}],"replies":[{"embeddable":true,"href":"https:\/\/rdnews.al\/index.php\/wp-json\/wp\/v2\/comments?post=83108"}],"version-history":[{"count":0,"href":"https:\/\/rdnews.al\/index.php\/wp-json\/wp\/v2\/posts\/83108\/revisions"}],"wp:featuredmedia":[{"embeddable":true,"href":"https:\/\/rdnews.al\/index.php\/wp-json\/wp\/v2\/media\/82604"}],"wp:attachment":[{"href":"https:\/\/rdnews.al\/index.php\/wp-json\/wp\/v2\/media?parent=83108"}],"wp:term":[{"taxonomy":"category","embeddable":true,"href":"https:\/\/rdnews.al\/index.php\/wp-json\/wp\/v2\/categories?post=83108"},{"taxonomy":"post_tag","embeddable":true,"href":"https:\/\/rdnews.al\/index.php\/wp-json\/wp\/v2\/tags?post=83108"}],"curies":[{"name":"wp","href":"https:\/\/api.w.org\/{rel}","templated":true}]}}