{"id":83110,"date":"2024-06-25T18:50:14","date_gmt":"2024-06-25T18:50:14","guid":{"rendered":"https:\/\/rdnews.al\/?p=83110"},"modified":"2024-06-25T18:50:14","modified_gmt":"2024-06-25T18:50:14","slug":"berisha-i-jap-besen-cdo-shqiptari-se-brenda-muajit-te-pare-asnje-femije-sdo-kete-probleme-per-ushqimin-dhe-vaktet-qe-i-takojne","status":"publish","type":"post","link":"https:\/\/rdnews.al\/index.php\/2024\/06\/25\/berisha-i-jap-besen-cdo-shqiptari-se-brenda-muajit-te-pare-asnje-femije-sdo-kete-probleme-per-ushqimin-dhe-vaktet-qe-i-takojne\/","title":{"rendered":"Berisha: I jap bes\u00ebn \u00e7do shqiptari se brenda muajit t\u00eb par\u00eb, asnj\u00eb f\u00ebmij\u00eb s\u2019do ket\u00eb probleme p\u00ebr ushqimin dhe vaktet q\u00eb i takojn\u00eb"},"content":{"rendered":"<p>Lideri i opozit\u00ebs, Sali Berisha \u00ebsht\u00eb ndalur te raporti alarmues i UNICEF, ku 47% e f\u00ebmij\u00ebve n\u00eb Shqi\u00ebpri jan\u00eb t\u00eb kequshqyer.<\/p>\n<p>Berisha premtoi se me ardhjen e PD-s\u00eb n\u00eb pushtet, asnj\u00eb f\u00ebmij\u00eb nuk do t\u00eb ket\u00eb probleme p\u00ebr ushqimin dhe vaktet q\u00eb i takojn\u00eb.<\/p>\n<p><strong>\u201c<\/strong>Miqt\u00eb e mi, nuk ka krim m\u00eb t\u00eb sh\u00ebmtuar se t\u00eb l\u00ebsh f\u00ebmij\u00ebt, t\u00eb l\u00ebsh 18 p\u00ebrqind t\u00eb f\u00ebmij\u00ebve t\u00eb vendit t\u00ebnd me nj\u00eb apo dy vakte n\u00eb 24 or\u00eb.<\/p>\n<p>Nuk ka krim m\u00eb t\u00eb sh\u00ebmtuar se t\u00eb l\u00ebsh 47 p\u00ebrqind t\u00eb f\u00ebmij\u00ebve t\u00ebnd n\u00eb uri.<\/p>\n<p>Na thuaj Edi Rama, ato parat\u00eb q\u00eb merr zonja jote p\u00ebr studimet nga UNICEF-i, \u00e7far\u00eb t\u00eb thon\u00eb apo majmeni si derra dhe f\u00ebmij\u00ebt vdesin urie, largohen nga Shqip\u00ebria. Turp t\u00eb keni!<\/p>\n<p>Miqt\u00eb e mi, duhet t\u00eb jap bes\u00ebn dhe fjal\u00ebn \u00e7do shqiptari se brenda muajit t\u00eb par\u00eb do t\u00eb vendoset sistemi q\u00eb \u00e7do f\u00ebmij\u00eb kudo q\u00eb t\u00eb jet\u00eb t\u00eb mos ket\u00eb asnj\u00eb problem p\u00ebr ushqimin dhe vaktet q\u00eb i takojn\u00eb.<\/p>\n<p>Qeveria e ardhshme e konsideron k\u00ebt\u00eb emergjenc\u00eb t\u00eb t\u00eb gjitha emergjencave.<\/p>\n<p>Nj\u00eb vend me f\u00ebmij\u00eb t\u00eb uritur \u00ebsht\u00eb nj\u00eb vend i lemeritur.<\/p>\n<p>Nj\u00eb vend me f\u00ebmij\u00eb t\u00eb uritur \u00ebsht\u00eb nj\u00eb vend ku nuk mund t\u00eb jetohet.<\/p>\n<p>Ja pra pse ikin shqiptar\u00ebt, sepse nuk ushqejn\u00eb dot f\u00ebmij\u00ebt e tyre.<\/p>\n<p>Vet\u00ebm ky faktor, vet\u00ebm kjo e dh\u00ebn\u00eb \u00ebsht\u00eb e vlefshme p\u00ebr \u00e7do rebelim, p\u00ebr \u00e7do kryengritje, p\u00ebr \u00e7do sulm, p\u00ebr \u00e7do p\u00ebrmbysje\u201d, tha Berisha.<\/p>\n","protected":false},"excerpt":{"rendered":"<p>Lideri i opozit\u00ebs, Sali Berisha \u00ebsht\u00eb ndalur te raporti alarmues i UNICEF, ku 47% e f\u00ebmij\u00ebve n\u00eb Shqi\u00ebpri jan\u00eb t\u00eb kequshqyer. Berisha premtoi se me ardhjen e PD-s\u00eb n\u00eb pushtet, asnj\u00eb f\u00ebmij\u00eb nuk do t\u00eb ket\u00eb probleme p\u00ebr ushqimin dhe vaktet q\u00eb i takojn\u00eb. \u201cMiqt\u00eb e mi, nuk ka krim m\u00eb t\u00eb sh\u00ebmtuar se t\u00eb &hellip;<\/p>\n","protected":false},"author":4,"featured_media":82598,"comment_status":"closed","ping_status":"closed","sticky":false,"template":"","format":"standard","meta":{"footnotes":""},"categories":[37],"tags":[],"class_list":["post-83110","post","type-post","status-publish","format-standard","has-post-thumbnail","","category-politike"],"_links":{"self":[{"href":"https:\/\/rdnews.al\/index.php\/wp-json\/wp\/v2\/posts\/83110","targetHints":{"allow":["GET"]}}],"collection":[{"href":"https:\/\/rdnews.al\/index.php\/wp-json\/wp\/v2\/posts"}],"about":[{"href":"https:\/\/rdnews.al\/index.php\/wp-json\/wp\/v2\/types\/post"}],"author":[{"embeddable":true,"href":"https:\/\/rdnews.al\/index.php\/wp-json\/wp\/v2\/users\/4"}],"replies":[{"embeddable":true,"href":"https:\/\/rdnews.al\/index.php\/wp-json\/wp\/v2\/comments?post=83110"}],"version-history":[{"count":0,"href":"https:\/\/rdnews.al\/index.php\/wp-json\/wp\/v2\/posts\/83110\/revisions"}],"wp:featuredmedia":[{"embeddable":true,"href":"https:\/\/rdnews.al\/index.php\/wp-json\/wp\/v2\/media\/82598"}],"wp:attachment":[{"href":"https:\/\/rdnews.al\/index.php\/wp-json\/wp\/v2\/media?parent=83110"}],"wp:term":[{"taxonomy":"category","embeddable":true,"href":"https:\/\/rdnews.al\/index.php\/wp-json\/wp\/v2\/categories?post=83110"},{"taxonomy":"post_tag","embeddable":true,"href":"https:\/\/rdnews.al\/index.php\/wp-json\/wp\/v2\/tags?post=83110"}],"curies":[{"name":"wp","href":"https:\/\/api.w.org\/{rel}","templated":true}]}}