{"id":83115,"date":"2024-06-25T18:56:00","date_gmt":"2024-06-25T18:56:00","guid":{"rendered":"https:\/\/rdnews.al\/?p=83115"},"modified":"2024-06-25T18:57:10","modified_gmt":"2024-06-25T18:57:10","slug":"berisha-11-a-eshte-dita-e-shqiptareve-ne-shqiperi-diaspore-ne-mbare-boten-kudo-qe-jane","status":"publish","type":"post","link":"https:\/\/rdnews.al\/index.php\/2024\/06\/25\/berisha-11-a-eshte-dita-e-shqiptareve-ne-shqiperi-diaspore-ne-mbare-boten-kudo-qe-jane\/","title":{"rendered":"Berisha: 11-ta \u00ebsht\u00eb dita e shqiptar\u00ebve n\u00eb Shqip\u00ebri, diaspor\u00eb, n\u00eb mbar\u00eb bot\u00ebn, kudo q\u00eb jan\u00eb!"},"content":{"rendered":"<p>Kryetari i PD, Sali Berisha \u00ebsht\u00eb ndalur te protesta komb\u00ebtare e thirrur nga opozita n\u00eb dat\u00eb 11 korrik.<\/p>\n<p>Berisha tha se, 11-a \u00ebsht\u00eb dita e shqiptar\u00ebve. Dita e shqiptar\u00ebve n\u00eb Shqip\u00ebri, diaspor\u00eb, n\u00eb mbar\u00eb bot\u00ebn, kudo q\u00eb jan\u00eb!<\/p>\n<p>\u201cE dini \u00e7\u2019po ndodh n\u00eb Skrapin e partis\u00eb?<\/p>\n<p>Ministrat \u00e7ojn\u00eb strajcat me para para se t\u00eb shkojn\u00eb.<\/p>\n<p>Hyjn\u00eb dhe dalin serbes, t\u00eb sigurt se kan\u00eb paguar hara\u00e7in Zaman\u00ebve q\u00eb nuk kan\u00eb ligj dhe as moral. Llum njer\u00ebzor q\u00eb shkelmojn\u00eb Kushtetut\u00ebn dhe \u00e7do parim.<\/p>\n<p>Kriminel\u00eb q\u00eb amnistojn\u00eb vjedhjen e votave, duke vrar\u00eb shpres\u00ebn e shqiptar\u00ebve p\u00ebr rotacion.<\/p>\n<p>Kriminel\u00eb q\u00eb amnistojn\u00eb vjedhjet e shekullit dhe jan\u00eb b\u00ebr\u00eb mburoj\u00eb kriminale e sh\u00ebmtuar e hajdut\u00ebve qeveritar\u00eb, e narkoshtetit.<\/p>\n<p>Shpresa e vetme jeni ju, \u00ebsht\u00eb guximi juaj, \u00ebsht\u00eb aft\u00ebsia juaj p\u00ebr t\u2019u bashkuar me t\u00eb gjith\u00eb shqiptar\u00ebt.<\/p>\n<p>Ne jemi n\u00eb betej\u00eb, beteja jon\u00eb do triumfoj\u00eb.<\/p>\n<p>Asgj\u00eb nuk mund t\u00eb na ndal\u00eb ne, asgj\u00eb n\u00eb bot\u00eb nuk do mund t\u00eb na ndal\u00eb pa realizimin e q\u00ebllimeve tona.<\/p>\n<p>Edhe nj\u00ebher\u00eb, t\u00eb premten n\u00eb ora 11:00 te bashkia p\u00ebr t\u00eb nxjerr\u00eb p\u00ebr zverku jasht\u00eb Erion Veliajn dhe p\u00ebr ta varur n\u00eb shtyll\u00ebn e turpit t\u00eb historis\u00eb k\u00ebt\u00eb monst\u00ebr vjedhje q\u00eb e ka shnd\u00ebrruar bashkin\u00eb n\u00eb pron\u00eb personale.<\/p>\n<p>Q\u00eb pasuron v\u00eblla, bashk\u00ebshorte, vjeh\u00ebrr, daj\u00eb, teze, st\u00ebrteze, k\u00eb nuk ka.<\/p>\n<p>11-a \u00ebsht\u00eb dita e shqiptar\u00ebve. Dita e shqiptar\u00ebve n\u00eb Shqip\u00ebri, diaspor\u00eb, n\u00eb mbar\u00eb bot\u00ebn, kudo q\u00eb jan\u00eb.<\/p>\n<p>Rrofshi ju, rroft\u00eb Shqip\u00ebria.<\/p>\n<p>Fitore, fitore, fitore!\u201d, tha Berisha.<\/p>\n","protected":false},"excerpt":{"rendered":"<p>Kryetari i PD, Sali Berisha \u00ebsht\u00eb ndalur te protesta komb\u00ebtare e thirrur nga opozita n\u00eb dat\u00eb 11 korrik. Berisha tha se, 11-a \u00ebsht\u00eb dita e shqiptar\u00ebve. Dita e shqiptar\u00ebve n\u00eb Shqip\u00ebri, diaspor\u00eb, n\u00eb mbar\u00eb bot\u00ebn, kudo q\u00eb jan\u00eb! \u201cE dini \u00e7\u2019po ndodh n\u00eb Skrapin e partis\u00eb? Ministrat \u00e7ojn\u00eb strajcat me para para se t\u00eb shkojn\u00eb. &hellip;<\/p>\n","protected":false},"author":4,"featured_media":82610,"comment_status":"closed","ping_status":"closed","sticky":false,"template":"","format":"standard","meta":{"footnotes":""},"categories":[37],"tags":[],"class_list":["post-83115","post","type-post","status-publish","format-standard","has-post-thumbnail","","category-politike"],"_links":{"self":[{"href":"https:\/\/rdnews.al\/index.php\/wp-json\/wp\/v2\/posts\/83115","targetHints":{"allow":["GET"]}}],"collection":[{"href":"https:\/\/rdnews.al\/index.php\/wp-json\/wp\/v2\/posts"}],"about":[{"href":"https:\/\/rdnews.al\/index.php\/wp-json\/wp\/v2\/types\/post"}],"author":[{"embeddable":true,"href":"https:\/\/rdnews.al\/index.php\/wp-json\/wp\/v2\/users\/4"}],"replies":[{"embeddable":true,"href":"https:\/\/rdnews.al\/index.php\/wp-json\/wp\/v2\/comments?post=83115"}],"version-history":[{"count":0,"href":"https:\/\/rdnews.al\/index.php\/wp-json\/wp\/v2\/posts\/83115\/revisions"}],"wp:featuredmedia":[{"embeddable":true,"href":"https:\/\/rdnews.al\/index.php\/wp-json\/wp\/v2\/media\/82610"}],"wp:attachment":[{"href":"https:\/\/rdnews.al\/index.php\/wp-json\/wp\/v2\/media?parent=83115"}],"wp:term":[{"taxonomy":"category","embeddable":true,"href":"https:\/\/rdnews.al\/index.php\/wp-json\/wp\/v2\/categories?post=83115"},{"taxonomy":"post_tag","embeddable":true,"href":"https:\/\/rdnews.al\/index.php\/wp-json\/wp\/v2\/tags?post=83115"}],"curies":[{"name":"wp","href":"https:\/\/api.w.org\/{rel}","templated":true}]}}