{"id":83148,"date":"2024-06-26T08:55:47","date_gmt":"2024-06-26T08:55:47","guid":{"rendered":"https:\/\/rdnews.al\/?p=83148"},"modified":"2024-06-26T08:57:56","modified_gmt":"2024-06-26T08:57:56","slug":"serbia-jashte-europianit-tifozet-perplasje-te-dhunshme-me-policine-ne-gjermani","status":"publish","type":"post","link":"https:\/\/rdnews.al\/index.php\/2024\/06\/26\/serbia-jashte-europianit-tifozet-perplasje-te-dhunshme-me-policine-ne-gjermani\/","title":{"rendered":"Serbia jasht\u00eb Europianit, tifoz\u00ebt p\u00ebrplasje t\u00eb dhunshme me policin\u00eb n\u00eb Gjermani"},"content":{"rendered":"<p>Serbia ishte nj\u00eb nga zhg\u00ebnjimet e m\u00ebdha t\u00eb k\u00ebtij Evropiani, n\u00eb \u00e7do aspekt, brenda dhe jasht\u00eb fush\u00eb. Pavar\u00ebsisht se nj\u00eb ekip me emra t\u00eb r\u00ebnd\u00ebsish\u00ebm si Vlahovic etj, ekipi serb nuk dhuroi asnj\u00eb detaj pozitiv n\u00eb \u201cEuro2024\u201d, e mbyllin Grupin C n\u00eb vendin e fundit me 2 pik\u00eb.<\/p>\n<p>Jo vet\u00ebm n\u00eb fush\u00eb, Serbia dhuroi nj\u00eb shfaqe t\u00eb sh\u00ebmtuar edhe n\u00eb rrug\u00ebt e Gjermanis\u00eb, ku tifoz\u00ebt e tyre n\u00eb t\u00eb tre ndeshje soll\u00ebn tension dhe kaos, duke u p\u00ebrplasur m\u00eb tifoz\u00ebt rival\u00eb dhe me autoritet lokale, k\u00ebshtu ndodhi edhe n\u00eb sfid\u00ebn e fundit, at\u00eb kund\u00ebr Danimark\u00ebs.<\/p>\n<div id=\"taboola-sponsored-mid-article\" class=\" trc_related_container trc_spotlight_widget trc_elastic trc_elastic_sc-ma-balkanweb \" data-placement-name=\"Sponsored Mid Article\">\n<div class=\"trc_rbox_container\">\n<div>\n<div id=\"trc_wrapper_3753\" class=\"trc_rbox sc-ma-balkanweb trc-content-sponsored \">\n<div id=\"outer_3753\" class=\"trc_rbox_outer\">\n<div id=\"rbox-t2m\" class=\"trc_rbox_div trc_rbox_border_elm\">\n<div id=\"internal_trc_3753\">\n<div class=\"videoCube trc_spotlight_item origin-default thumbnail_top syndicatedItem textItem videoCube_1_child trc-first-recommendation trc-spotlight-first-recommendation trc_excludable \" data-item-id=\"~~V1~~6699677524669305727~~ecbuk1BRBvinCECTml9B-iHJ3R-vInFq8N4G8S-D1iDnoZueAsnM0UTkqRiz-o8uuKa2_rupL9I0kvx1XVufuiUEapM41JCwn5v2panIlXkjjzQBn1xhhXU-R31z18bBBR8efbF_ItzP1Q5HB-Z_IDkg9JbJy4c454OARdvVxYKT4CteLpvGG2F-s_vz2W2DQnd70_QU6rHN3rty2k9AnQHTAlP3EopPhsl3Yhw4cseAk0d9JJlc-tAdgxdkJm2q\" data-item-title=\"New friends? Yes, please!\" data-item-thumb=\"http:\/\/cdn.taboola.com\/libtrc\/static\/thumbnails\/a7bfde3f8468cfa05a6e730fa39cfa58.jpg\" data-item-syndicated=\"true\">\n<div class=\" trc_undo_btn \">P\u00ebrpara k\u00ebtij takimi, tifoz\u00ebt ultras godit\u00ebn me sende t\u00eb forta dhe me shishe policin\u00eb gjermane, skena jo t\u00eb hijshme q\u00eb njollos\u00ebn akoma m\u00eb shum\u00eb rrug\u00ebtimin e tyre n\u00eb \u201cEuro2024\u201d.<\/div>\n<div><\/div>\n<\/div>\n<\/div>\n<\/div>\n<\/div>\n<\/div>\n<\/div>\n<\/div>\n<\/div>\n","protected":false},"excerpt":{"rendered":"<p>Serbia ishte nj\u00eb nga zhg\u00ebnjimet e m\u00ebdha t\u00eb k\u00ebtij Evropiani, n\u00eb \u00e7do aspekt, brenda dhe jasht\u00eb fush\u00eb. Pavar\u00ebsisht se nj\u00eb ekip me emra t\u00eb r\u00ebnd\u00ebsish\u00ebm si Vlahovic etj, ekipi serb nuk dhuroi asnj\u00eb detaj pozitiv n\u00eb \u201cEuro2024\u201d, e mbyllin Grupin C n\u00eb vendin e fundit me 2 pik\u00eb. Jo vet\u00ebm n\u00eb fush\u00eb, Serbia dhuroi nj\u00eb &hellip;<\/p>\n","protected":false},"author":4,"featured_media":83149,"comment_status":"closed","ping_status":"closed","sticky":false,"template":"","format":"standard","meta":{"footnotes":""},"categories":[39],"tags":[],"class_list":["post-83148","post","type-post","status-publish","format-standard","has-post-thumbnail","","category-sport"],"_links":{"self":[{"href":"https:\/\/rdnews.al\/index.php\/wp-json\/wp\/v2\/posts\/83148","targetHints":{"allow":["GET"]}}],"collection":[{"href":"https:\/\/rdnews.al\/index.php\/wp-json\/wp\/v2\/posts"}],"about":[{"href":"https:\/\/rdnews.al\/index.php\/wp-json\/wp\/v2\/types\/post"}],"author":[{"embeddable":true,"href":"https:\/\/rdnews.al\/index.php\/wp-json\/wp\/v2\/users\/4"}],"replies":[{"embeddable":true,"href":"https:\/\/rdnews.al\/index.php\/wp-json\/wp\/v2\/comments?post=83148"}],"version-history":[{"count":0,"href":"https:\/\/rdnews.al\/index.php\/wp-json\/wp\/v2\/posts\/83148\/revisions"}],"wp:featuredmedia":[{"embeddable":true,"href":"https:\/\/rdnews.al\/index.php\/wp-json\/wp\/v2\/media\/83149"}],"wp:attachment":[{"href":"https:\/\/rdnews.al\/index.php\/wp-json\/wp\/v2\/media?parent=83148"}],"wp:term":[{"taxonomy":"category","embeddable":true,"href":"https:\/\/rdnews.al\/index.php\/wp-json\/wp\/v2\/categories?post=83148"},{"taxonomy":"post_tag","embeddable":true,"href":"https:\/\/rdnews.al\/index.php\/wp-json\/wp\/v2\/tags?post=83148"}],"curies":[{"name":"wp","href":"https:\/\/api.w.org\/{rel}","templated":true}]}}